{"id":2092,"date":"2019-03-02T12:00:17","date_gmt":"2019-03-02T11:00:17","guid":{"rendered":"https:\/\/www.feuerwehr-buchschlag.de\/?p=2092"},"modified":"2019-03-02T12:03:04","modified_gmt":"2019-03-02T11:03:04","slug":"jahreshauptversammlung-2019","status":"publish","type":"post","link":"https:\/\/www.feuerwehr-buchschlag.de\/?p=2092","title":{"rendered":"Jahreshauptversammlung 2019"},"content":{"rendered":"\t\t<div data-elementor-type=\"wp-post\" data-elementor-id=\"2092\" class=\"elementor elementor-2092 elementor-bc-flex-widget\">\n\t\t\t\t\t\t<section class=\"elementor-section elementor-top-section elementor-element elementor-element-4c18ce54 elementor-section-full_width elementor-section-height-default elementor-section-height-default\" data-id=\"4c18ce54\" data-element_type=\"section\" data-e-type=\"section\" data-settings=\"{&quot;background_background&quot;:&quot;classic&quot;,&quot;shape_divider_bottom&quot;:&quot;opacity-tilt&quot;}\">\n\t\t\t\t\t\t\t<div class=\"elementor-background-overlay\"><\/div>\n\t\t\t\t\t\t<div class=\"elementor-shape elementor-shape-bottom\" aria-hidden=\"true\" data-negative=\"false\">\n\t\t\t<svg xmlns=\"http:\/\/www.w3.org\/2000\/svg\" viewBox=\"0 0 2600 131.1\" preserveAspectRatio=\"none\">\n\t<path class=\"elementor-shape-fill\" d=\"M0 0L2600 0 2600 69.1 0 0z\"\/>\n\t<path class=\"elementor-shape-fill\" style=\"opacity:0.5\" d=\"M0 0L2600 0 2600 69.1 0 69.1z\"\/>\n\t<path class=\"elementor-shape-fill\" style=\"opacity:0.25\" d=\"M2600 0L0 0 0 130.1 2600 69.1z\"\/>\n<\/svg>\t\t<\/div>\n\t\t\t\t\t<div class=\"elementor-container elementor-column-gap-default\">\n\t\t\t\t\t<div class=\"elementor-column elementor-col-100 elementor-top-column elementor-element elementor-element-c7d2851\" data-id=\"c7d2851\" data-element_type=\"column\" data-e-type=\"column\">\n\t\t\t<div class=\"elementor-widget-wrap elementor-element-populated\">\n\t\t\t\t\t\t<div class=\"elementor-element elementor-element-6c0a58d elementor-widget elementor-widget-heading\" data-id=\"6c0a58d\" data-element_type=\"widget\" data-e-type=\"widget\" data-widget_type=\"heading.default\">\n\t\t\t\t<div class=\"elementor-widget-container\">\n\t\t\t\t\t<h2 class=\"elementor-heading-title elementor-size-default\">Jahreshauptversammlung 2019<\/h2>\t\t\t\t<\/div>\n\t\t\t\t<\/div>\n\t\t\t\t<div class=\"elementor-element elementor-element-1d0c6985 elementor-view-default elementor-widget elementor-widget-icon\" data-id=\"1d0c6985\" data-element_type=\"widget\" data-e-type=\"widget\" data-widget_type=\"icon.default\">\n\t\t\t\t<div class=\"elementor-widget-container\">\n\t\t\t\t\t\t\t<div class=\"elementor-icon-wrapper\">\n\t\t\t<div class=\"elementor-icon\">\n\t\t\t\t\t\t\t<i class=\"fa fa-fire\" aria-hidden=\"true\"><\/i>\n\t\t\t\t\t\t<\/div>\n\t\t<\/div>\n\t\t\t\t\t\t<\/div>\n\t\t\t\t<\/div>\n\t\t\t\t<div class=\"elementor-element elementor-element-6aa43ea3 elementor-widget elementor-widget-text-editor\" data-id=\"6aa43ea3\" data-element_type=\"widget\" data-e-type=\"widget\" data-widget_type=\"text-editor.default\">\n\t\t\t\t<div class=\"elementor-widget-container\">\n\t\t\t\t\t\t\t\t\t<p>R\u00fcckblick auf ein ereignisreiches Jahr<\/p>\t\t\t\t\t\t\t\t<\/div>\n\t\t\t\t<\/div>\n\t\t\t\t\t<\/div>\n\t\t<\/div>\n\t\t\t\t\t<\/div>\n\t\t<\/section>\n\t\t\t\t<section class=\"elementor-section elementor-top-section elementor-element elementor-element-6c5b8a9a elementor-section-boxed elementor-section-height-default elementor-section-height-default\" data-id=\"6c5b8a9a\" data-element_type=\"section\" data-e-type=\"section\" data-settings=\"{&quot;background_background&quot;:&quot;classic&quot;}\">\n\t\t\t\t\t\t\t<div class=\"elementor-background-overlay\"><\/div>\n\t\t\t\t\t\t\t<div class=\"elementor-container elementor-column-gap-default\">\n\t\t\t\t\t<div class=\"elementor-column elementor-col-100 elementor-top-column elementor-element elementor-element-48a84acc\" data-id=\"48a84acc\" data-element_type=\"column\" data-e-type=\"column\">\n\t\t\t<div class=\"elementor-widget-wrap elementor-element-populated\">\n\t\t\t\t\t\t<div class=\"elementor-element elementor-element-13ba9932 elementor-widget elementor-widget-spacer\" data-id=\"13ba9932\" data-element_type=\"widget\" data-e-type=\"widget\" data-widget_type=\"spacer.default\">\n\t\t\t\t<div class=\"elementor-widget-container\">\n\t\t\t\t\t\t\t<div class=\"elementor-spacer\">\n\t\t\t<div class=\"elementor-spacer-inner\"><\/div>\n\t\t<\/div>\n\t\t\t\t\t\t<\/div>\n\t\t\t\t<\/div>\n\t\t\t\t<div class=\"elementor-element elementor-element-6b130a22 elementor-widget elementor-widget-text-editor\" data-id=\"6b130a22\" data-element_type=\"widget\" data-e-type=\"widget\" data-widget_type=\"text-editor.default\">\n\t\t\t\t<div class=\"elementor-widget-container\">\n\t\t\t\t\t\t\t\t\t<p>Am vergangenen Samstag, dem 23.02.2019, fand die diesj\u00e4hrige Jahreshauptversammlung der Feuerwehr Buchschlag statt.<\/p><p>Neben Vertretern der Parteien und der neuen Stadtbrandinspektion konnte die Wehrf\u00fchrung unter dem seit einem Jahr amtierenden Wehrf\u00fchrer Wolfgang Golla und seinem Stellvertreter Markus Goll auch den neuen Dreieicher B\u00fcrgermeister Martin Burlon begr\u00fc\u00dfen.<\/p><p>Dieser dankte als erstes allen Einsatzkr\u00e4ften f\u00fcr die geleistete Arbeit im vergangenen Jahr, erkl\u00e4rte seine neue Rolle im Zusammenhang mit der Feuerwehr sowie die neue Ressortverteilung und bekr\u00e4ftigte seine Freude auf die Fortsetzung der bisherigen Zusammenarbeit im kommenden Jahr.<\/p><p>Nach Gru\u00dfworten der anwesenden G\u00e4ste wies Stadtbrandinspektor Markus Tillmann auf die positive Tendenz in den Mitgliederzahlen in der gesamten Einsatzabteilung der Feuerwehr Dreieich hin, welche nicht zuletzt durch die Brandschutz AG an der Weibelfeldschule auch in Buchschlag entstanden ist. So sind derzeit in Dreieich 230 Personen in den verschiedenen Einsatzabteilungen aktiv. Das sind ca. 30 Personen mehr als 2017.<\/p><p>Im Jahresbericht der Wehrf\u00fchrung unterstrich Wolfgang Golla den erstmals seit Jahren zu verzeichnenden Mitgliederzuwachs in der Einsatzabteilung in Buchschlag (derzeit 15 aktive Mitglieder erstmals wieder 2 Frauen). Dieser d\u00fcrfe jedoch nicht dar\u00fcber hinwegt\u00e4uschen, dass die Tagesalarmsicherheit in Buchschlag nach wie vor nicht regelm\u00e4\u00dfig gew\u00e4hrleistet sei, da durch wohnortferne Arbeitspl\u00e4tze und die damit verbundene Abwesenheit tags\u00fcber nicht gen\u00fcgend Einsatzkr\u00e4fte im Alarmierungsfall zur Verf\u00fcgung stehen. Erst durch die Alarmierung in anderen Stadtteilen und westlich der Bahnlinie Buchschlag durch die Feuerwehr Zeppelinheim kann eine tatkr\u00e4ftige Hilfeleistung erm\u00f6glicht werden.<\/p><p>Trotz einem R\u00fcckgang der Eins\u00e4tze in Buchschlag selbst, blieb die Zahl der Gesamteins\u00e4tze nahezu auf dem Stand des Vorjahres, da die Einsatzkr\u00e4fte aus Buchschlag ebenfalls in anderen Stadtteilen unterst\u00fctzend t\u00e4tig waren.<\/p><p>Ferner wurde darauf hingewiesen, dass in den kommenden Jahren durch infrastrukturelle Ver\u00e4nderungen (Regionaltangente West, Wohnverdichtung, Entwicklung des Gewerbegebietes Buchschlag und Inbetriebnahme des Terminal 3 am Flughafen Frankfurt) auch mit Ver\u00e4nderungen f\u00fcr die Feuerwehr Dreieich zu rechnen sei.<\/p><p>Nach Umbauma\u00dfnahmen konnte im vergangenen Jahr ein Raum f\u00fcr die Jugendfeuerwehr geschaffen werden, der in Eigenleistung von den Jugendlichen und mit der Unterst\u00fctzung der Einsatzabteilung auf die Bed\u00fcrfnisse der Jugendlichen angepasst werden konnte.<\/p><p>Zum neuen Jugendwart wurde Eric Cassier gew\u00e4hlt, der nach dem Ausscheiden von Daniel Goldmann aus diesem Amt nun die Verantwortung f\u00fcr die Nachwuchsabteilung mit zurzeit 11 Jugendlichen \u00fcbernimmt.<\/p><p>F\u00fcr seine 50-j\u00e4hrige Mitgliedschaft wurde Hans-Joachim Schulz mit dem silbernen Brandschutzehrenzeichen des Regierungsbezirks Darmstadt-Dieburg ausgezeichnet.<\/p><p>Bef\u00f6rdert wurden:<\/p><p>Noelle Demirci zur Feuerwehrfrau<\/p><p>Lukas Weidenfeld zum Feuerwehrmann<\/p><p>Alex Vogel zum Ober-Feuerwehrmann<\/p><p>Moritz Thiessen zum Ober-Feuerwehrmann<\/p><p>Daniel Goldmann zum Ober-Feuerwehrmann<\/p><p>Peter F\u00fcrstenau zum Haupt\u2013Feuerwehrmann<\/p><p>Im Anschluss fand die Jahressitzung des Vereins Freiwillige Feuerwehr Buchschlag e.V. statt, der im vergangenen Jahr f\u00fcr jedes Mitglied der Einsatzabteilung Helmlampen beschaffte und die Einsatzabteilung auch bei ihren umfangreichen Ausbildungsveranstaltungen tatkr\u00e4ftig unterst\u00fctzt hat.<\/p>\t\t\t\t\t\t\t\t<\/div>\n\t\t\t\t<\/div>\n\t\t\t\t\t<\/div>\n\t\t<\/div>\n\t\t\t\t\t<\/div>\n\t\t<\/section>\n\t\t\t\t<section class=\"elementor-section elementor-top-section elementor-element elementor-element-78aa961b elementor-section-boxed elementor-section-height-default elementor-section-height-default\" data-id=\"78aa961b\" data-element_type=\"section\" data-e-type=\"section\">\n\t\t\t\t\t\t<div class=\"elementor-container elementor-column-gap-no\">\n\t\t\t\t\t<div class=\"elementor-column elementor-col-100 elementor-top-column elementor-element elementor-element-3007f155\" data-id=\"3007f155\" data-element_type=\"column\" data-e-type=\"column\">\n\t\t\t<div class=\"elementor-widget-wrap elementor-element-populated\">\n\t\t\t\t\t\t<div class=\"elementor-element elementor-element-7ae62f88 elementor-arrows-position-inside elementor-pagination-position-outside elementor-widget elementor-widget-image-carousel\" data-id=\"7ae62f88\" data-element_type=\"widget\" data-e-type=\"widget\" data-settings=\"{&quot;slides_to_show&quot;:&quot;1&quot;,&quot;navigation&quot;:&quot;both&quot;,&quot;autoplay&quot;:&quot;yes&quot;,&quot;pause_on_hover&quot;:&quot;yes&quot;,&quot;pause_on_interaction&quot;:&quot;yes&quot;,&quot;autoplay_speed&quot;:5000,&quot;infinite&quot;:&quot;yes&quot;,&quot;effect&quot;:&quot;slide&quot;,&quot;speed&quot;:500}\" data-widget_type=\"image-carousel.default\">\n\t\t\t\t<div class=\"elementor-widget-container\">\n\t\t\t\t\t\t\t<div class=\"elementor-image-carousel-wrapper swiper\" role=\"region\" aria-roledescription=\"carousel\" aria-label=\"Bild Karussell\" dir=\"ltr\">\n\t\t\t<div class=\"elementor-image-carousel swiper-wrapper\" aria-live=\"off\">\n\t\t\t\t\t\t\t\t<div class=\"swiper-slide\" role=\"group\" aria-roledescription=\"slide\" aria-label=\"1 von 6\"><figure class=\"swiper-slide-inner\"><img decoding=\"async\" class=\"swiper-slide-image\" src=\"https:\/\/www.feuerwehr-buchschlag.de\/wp-content\/uploads\/2019\/03\/20190223_183805-768x576.jpg\" alt=\"Feuerwehr Buchschlag Jahreshauptversammlung Ehrung 2019\" \/><\/figure><\/div><div class=\"swiper-slide\" role=\"group\" aria-roledescription=\"slide\" aria-label=\"2 von 6\"><figure class=\"swiper-slide-inner\"><img decoding=\"async\" class=\"swiper-slide-image\" src=\"https:\/\/www.feuerwehr-buchschlag.de\/wp-content\/uploads\/2019\/03\/20190223_184004-768x576.jpg\" alt=\"Feuerwehr Buchschlag Jahreshauptversammlung Ehrung 2019\" \/><\/figure><\/div><div class=\"swiper-slide\" role=\"group\" aria-roledescription=\"slide\" aria-label=\"3 von 6\"><figure class=\"swiper-slide-inner\"><img decoding=\"async\" class=\"swiper-slide-image\" src=\"https:\/\/www.feuerwehr-buchschlag.de\/wp-content\/uploads\/2019\/03\/20190223_184203-768x576.jpg\" alt=\"Feuerwehr Buchschlag Jahreshauptversammlung Ehrung 2019\" \/><\/figure><\/div><div class=\"swiper-slide\" role=\"group\" aria-roledescription=\"slide\" aria-label=\"4 von 6\"><figure class=\"swiper-slide-inner\"><img decoding=\"async\" class=\"swiper-slide-image\" src=\"https:\/\/www.feuerwehr-buchschlag.de\/wp-content\/uploads\/2019\/03\/20190223_184403-768x576.jpg\" alt=\"Feuerwehr Buchschlag Jahreshauptversammlung Ehrung 2019\" \/><\/figure><\/div><div class=\"swiper-slide\" role=\"group\" aria-roledescription=\"slide\" aria-label=\"5 von 6\"><figure class=\"swiper-slide-inner\"><img decoding=\"async\" class=\"swiper-slide-image\" src=\"https:\/\/www.feuerwehr-buchschlag.de\/wp-content\/uploads\/2019\/03\/20190223_184404-768x576.jpg\" alt=\"Feuerwehr Buchschlag Jahreshauptversammlung Ehrung 2019\" \/><\/figure><\/div><div class=\"swiper-slide\" role=\"group\" aria-roledescription=\"slide\" aria-label=\"6 von 6\"><figure class=\"swiper-slide-inner\"><img decoding=\"async\" class=\"swiper-slide-image\" src=\"https:\/\/www.feuerwehr-buchschlag.de\/wp-content\/uploads\/2019\/03\/20190223_184918-768x576.jpg\" alt=\"Feuerwehr Buchschlag Jahreshauptversammlung Ehrung 2019\" \/><\/figure><\/div>\t\t\t<\/div>\n\t\t\t\t\t\t\t\t\t\t\t\t<div class=\"elementor-swiper-button elementor-swiper-button-prev\" role=\"button\" tabindex=\"0\">\n\t\t\t\t\t\t<i aria-hidden=\"true\" class=\"eicon-chevron-left\"><\/i>\t\t\t\t\t<\/div>\n\t\t\t\t\t<div class=\"elementor-swiper-button elementor-swiper-button-next\" role=\"button\" tabindex=\"0\">\n\t\t\t\t\t\t<i aria-hidden=\"true\" class=\"eicon-chevron-right\"><\/i>\t\t\t\t\t<\/div>\n\t\t\t\t\n\t\t\t\t\t\t\t\t\t<div class=\"swiper-pagination\"><\/div>\n\t\t\t\t\t\t\t\t\t<\/div>\n\t\t\t\t\t\t<\/div>\n\t\t\t\t<\/div>\n\t\t\t\t\t<\/div>\n\t\t<\/div>\n\t\t\t\t\t<\/div>\n\t\t<\/section>\n\t\t\t\t<section class=\"elementor-section elementor-top-section elementor-element elementor-element-57009473 elementor-hidden-phone elementor-section-boxed elementor-section-height-default elementor-section-height-default\" data-id=\"57009473\" data-element_type=\"section\" data-e-type=\"section\">\n\t\t\t\t\t\t<div class=\"elementor-container elementor-column-gap-default\">\n\t\t\t\t\t<div class=\"elementor-column elementor-col-100 elementor-top-column elementor-element elementor-element-5818ce42\" data-id=\"5818ce42\" data-element_type=\"column\" data-e-type=\"column\">\n\t\t\t<div class=\"elementor-widget-wrap elementor-element-populated\">\n\t\t\t\t\t\t<div class=\"elementor-element elementor-element-b582244 gallery-spacing-custom elementor-widget elementor-widget-image-gallery\" data-id=\"b582244\" data-element_type=\"widget\" data-e-type=\"widget\" data-widget_type=\"image-gallery.default\">\n\t\t\t\t<div class=\"elementor-widget-container\">\n\t\t\t\t\t\t\t<div class=\"elementor-image-gallery\">\n\t\t\t<div id='gallery-1' class='gallery galleryid-2092 gallery-columns-4 gallery-size-thumbnail'><figure class='gallery-item'>\n\t\t\t<div class='gallery-icon landscape'>\n\t\t\t\t<a data-elementor-open-lightbox=\"yes\" data-elementor-lightbox-slideshow=\"b582244\" data-elementor-lightbox-title=\"Feuerwehr Buchschlag Jahreshauptversammlung\" data-elementor-lightbox-description=\"Feuerwehr Buchschlag Jahreshauptversammlung Ehrung 2019\" data-e-action-hash=\"#elementor-action%3Aaction%3Dlightbox%26settings%3DeyJpZCI6MjEyMCwidXJsIjoiaHR0cHM6XC9cL3d3dy5mZXVlcndlaHItYnVjaHNjaGxhZy5kZVwvd3AtY29udGVudFwvdXBsb2Fkc1wvMjAxOVwvMDNcLzIwMTkwMjIzXzE4NDkxOC5qcGciLCJzbGlkZXNob3ciOiJiNTgyMjQ0In0%3D\" href='https:\/\/www.feuerwehr-buchschlag.de\/wp-content\/uploads\/2019\/03\/20190223_184918.jpg'><img decoding=\"async\" width=\"150\" height=\"150\" src=\"https:\/\/www.feuerwehr-buchschlag.de\/wp-content\/uploads\/2019\/03\/20190223_184918-150x150.jpg\" class=\"attachment-thumbnail size-thumbnail\" alt=\"Feuerwehr Buchschlag Jahreshauptversammlung Ehrung 2019\" \/><\/a>\n\t\t\t<\/div><\/figure><figure class='gallery-item'>\n\t\t\t<div class='gallery-icon landscape'>\n\t\t\t\t<a data-elementor-open-lightbox=\"yes\" data-elementor-lightbox-slideshow=\"b582244\" data-elementor-lightbox-title=\"Feuerwehr Buchschlag Jahreshauptversammlung\" data-elementor-lightbox-description=\"Feuerwehr Buchschlag Jahreshauptversammlung Ehrung 2019\" data-e-action-hash=\"#elementor-action%3Aaction%3Dlightbox%26settings%3DeyJpZCI6MjExOSwidXJsIjoiaHR0cHM6XC9cL3d3dy5mZXVlcndlaHItYnVjaHNjaGxhZy5kZVwvd3AtY29udGVudFwvdXBsb2Fkc1wvMjAxOVwvMDNcLzIwMTkwMjIzXzE4NDQwNC5qcGciLCJzbGlkZXNob3ciOiJiNTgyMjQ0In0%3D\" href='https:\/\/www.feuerwehr-buchschlag.de\/wp-content\/uploads\/2019\/03\/20190223_184404.jpg'><img decoding=\"async\" width=\"150\" height=\"150\" src=\"https:\/\/www.feuerwehr-buchschlag.de\/wp-content\/uploads\/2019\/03\/20190223_184404-150x150.jpg\" class=\"attachment-thumbnail size-thumbnail\" alt=\"Feuerwehr Buchschlag Jahreshauptversammlung Ehrung 2019\" \/><\/a>\n\t\t\t<\/div><\/figure><figure class='gallery-item'>\n\t\t\t<div class='gallery-icon landscape'>\n\t\t\t\t<a data-elementor-open-lightbox=\"yes\" data-elementor-lightbox-slideshow=\"b582244\" data-elementor-lightbox-title=\"Feuerwehr Buchschlag Jahreshauptversammlung\" data-elementor-lightbox-description=\"Feuerwehr Buchschlag Jahreshauptversammlung Ehrung 2019\" data-e-action-hash=\"#elementor-action%3Aaction%3Dlightbox%26settings%3DeyJpZCI6MjExOCwidXJsIjoiaHR0cHM6XC9cL3d3dy5mZXVlcndlaHItYnVjaHNjaGxhZy5kZVwvd3AtY29udGVudFwvdXBsb2Fkc1wvMjAxOVwvMDNcLzIwMTkwMjIzXzE4NDQwMy5qcGciLCJzbGlkZXNob3ciOiJiNTgyMjQ0In0%3D\" href='https:\/\/www.feuerwehr-buchschlag.de\/wp-content\/uploads\/2019\/03\/20190223_184403.jpg'><img decoding=\"async\" width=\"150\" height=\"150\" src=\"https:\/\/www.feuerwehr-buchschlag.de\/wp-content\/uploads\/2019\/03\/20190223_184403-150x150.jpg\" class=\"attachment-thumbnail size-thumbnail\" alt=\"Feuerwehr Buchschlag Jahreshauptversammlung Ehrung 2019\" \/><\/a>\n\t\t\t<\/div><\/figure><figure class='gallery-item'>\n\t\t\t<div class='gallery-icon landscape'>\n\t\t\t\t<a data-elementor-open-lightbox=\"yes\" data-elementor-lightbox-slideshow=\"b582244\" data-elementor-lightbox-title=\"Feuerwehr Buchschlag Jahreshauptversammlung\" data-elementor-lightbox-description=\"Feuerwehr Buchschlag Jahreshauptversammlung Ehrung 2019\" data-e-action-hash=\"#elementor-action%3Aaction%3Dlightbox%26settings%3DeyJpZCI6MjExNywidXJsIjoiaHR0cHM6XC9cL3d3dy5mZXVlcndlaHItYnVjaHNjaGxhZy5kZVwvd3AtY29udGVudFwvdXBsb2Fkc1wvMjAxOVwvMDNcLzIwMTkwMjIzXzE4NDIwMy5qcGciLCJzbGlkZXNob3ciOiJiNTgyMjQ0In0%3D\" href='https:\/\/www.feuerwehr-buchschlag.de\/wp-content\/uploads\/2019\/03\/20190223_184203.jpg'><img loading=\"lazy\" decoding=\"async\" width=\"150\" height=\"150\" src=\"https:\/\/www.feuerwehr-buchschlag.de\/wp-content\/uploads\/2019\/03\/20190223_184203-150x150.jpg\" class=\"attachment-thumbnail size-thumbnail\" alt=\"Feuerwehr Buchschlag Jahreshauptversammlung Ehrung 2019\" \/><\/a>\n\t\t\t<\/div><\/figure><figure class='gallery-item'>\n\t\t\t<div class='gallery-icon landscape'>\n\t\t\t\t<a data-elementor-open-lightbox=\"yes\" data-elementor-lightbox-slideshow=\"b582244\" data-elementor-lightbox-title=\"Feuerwehr Buchschlag Jahreshauptversammlung\" data-elementor-lightbox-description=\"Feuerwehr Buchschlag Jahreshauptversammlung Ehrung 2019\" data-e-action-hash=\"#elementor-action%3Aaction%3Dlightbox%26settings%3DeyJpZCI6MjExNiwidXJsIjoiaHR0cHM6XC9cL3d3dy5mZXVlcndlaHItYnVjaHNjaGxhZy5kZVwvd3AtY29udGVudFwvdXBsb2Fkc1wvMjAxOVwvMDNcLzIwMTkwMjIzXzE4NDAwNC5qcGciLCJzbGlkZXNob3ciOiJiNTgyMjQ0In0%3D\" href='https:\/\/www.feuerwehr-buchschlag.de\/wp-content\/uploads\/2019\/03\/20190223_184004.jpg'><img loading=\"lazy\" decoding=\"async\" width=\"150\" height=\"150\" src=\"https:\/\/www.feuerwehr-buchschlag.de\/wp-content\/uploads\/2019\/03\/20190223_184004-150x150.jpg\" class=\"attachment-thumbnail size-thumbnail\" alt=\"Feuerwehr Buchschlag Jahreshauptversammlung Ehrung 2019\" \/><\/a>\n\t\t\t<\/div><\/figure><figure class='gallery-item'>\n\t\t\t<div class='gallery-icon landscape'>\n\t\t\t\t<a data-elementor-open-lightbox=\"yes\" data-elementor-lightbox-slideshow=\"b582244\" data-elementor-lightbox-title=\"Feuerwehr Buchschlag Jahreshauptversammlung\" data-elementor-lightbox-description=\"Feuerwehr Buchschlag Jahreshauptversammlung Ehrung 2019\" data-e-action-hash=\"#elementor-action%3Aaction%3Dlightbox%26settings%3DeyJpZCI6MjExNSwidXJsIjoiaHR0cHM6XC9cL3d3dy5mZXVlcndlaHItYnVjaHNjaGxhZy5kZVwvd3AtY29udGVudFwvdXBsb2Fkc1wvMjAxOVwvMDNcLzIwMTkwMjIzXzE4MzgwNS5qcGciLCJzbGlkZXNob3ciOiJiNTgyMjQ0In0%3D\" href='https:\/\/www.feuerwehr-buchschlag.de\/wp-content\/uploads\/2019\/03\/20190223_183805.jpg'><img loading=\"lazy\" decoding=\"async\" width=\"150\" height=\"150\" src=\"https:\/\/www.feuerwehr-buchschlag.de\/wp-content\/uploads\/2019\/03\/20190223_183805-150x150.jpg\" class=\"attachment-thumbnail size-thumbnail\" alt=\"Feuerwehr Buchschlag Jahreshauptversammlung Ehrung 2019\" \/><\/a>\n\t\t\t<\/div><\/figure>\n\t\t<\/div>\n\t\t<\/div>\n\t\t\t\t\t\t<\/div>\n\t\t\t\t<\/div>\n\t\t\t\t\t<\/div>\n\t\t<\/div>\n\t\t\t\t\t<\/div>\n\t\t<\/section>\n\t\t\t\t<\/div>\n\t\t","protected":false},"excerpt":{"rendered":"<p>Jahreshauptversammlung 2019 R\u00fcckblick auf ein ereignisreiches Jahr Am vergangenen Samstag, dem 23.02.2019, fand die diesj\u00e4hrige Jahreshauptversammlung der Feuerwehr Buchschlag statt. Neben Vertretern der Parteien und der neuen Stadtbrandinspektion konnte die Wehrf\u00fchrung unter dem seit einem Jahr amtierenden Wehrf\u00fchrer Wolfgang Golla und seinem Stellvertreter Markus Goll auch den neuen Dreieicher B\u00fcrgermeister Martin Burlon begr\u00fc\u00dfen. Dieser dankte [&hellip;]<\/p>\n","protected":false},"author":1,"featured_media":2098,"comment_status":"closed","ping_status":"closed","sticky":false,"template":"","format":"standard","meta":{"ocean_post_layout":"full-screen","ocean_both_sidebars_style":"","ocean_both_sidebars_content_width":0,"ocean_both_sidebars_sidebars_width":0,"ocean_sidebar":"0","ocean_second_sidebar":"0","ocean_disable_margins":"on","ocean_add_body_class":"","ocean_shortcode_before_top_bar":"","ocean_shortcode_after_top_bar":"","ocean_shortcode_before_header":"","ocean_shortcode_after_header":"","ocean_has_shortcode":"","ocean_shortcode_after_title":"","ocean_shortcode_before_footer_widgets":"","ocean_shortcode_after_footer_widgets":"","ocean_shortcode_before_footer_bottom":"","ocean_shortcode_after_footer_bottom":"","ocean_display_top_bar":"off","ocean_display_header":"on","ocean_header_style":"","ocean_center_header_left_menu":"0","ocean_custom_header_template":"0","ocean_custom_logo":0,"ocean_custom_retina_logo":0,"ocean_custom_logo_max_width":0,"ocean_custom_logo_tablet_max_width":0,"ocean_custom_logo_mobile_max_width":0,"ocean_custom_logo_max_height":0,"ocean_custom_logo_tablet_max_height":0,"ocean_custom_logo_mobile_max_height":0,"ocean_header_custom_menu":"0","ocean_menu_typo_font_family":"0","ocean_menu_typo_font_subset":"","ocean_menu_typo_font_size":0,"ocean_menu_typo_font_size_tablet":0,"ocean_menu_typo_font_size_mobile":0,"ocean_menu_typo_font_size_unit":"px","ocean_menu_typo_font_weight":"","ocean_menu_typo_font_weight_tablet":"","ocean_menu_typo_font_weight_mobile":"","ocean_menu_typo_transform":"","ocean_menu_typo_transform_tablet":"","ocean_menu_typo_transform_mobile":"","ocean_menu_typo_line_height":0,"ocean_menu_typo_line_height_tablet":0,"ocean_menu_typo_line_height_mobile":0,"ocean_menu_typo_line_height_unit":"","ocean_menu_typo_spacing":0,"ocean_menu_typo_spacing_tablet":0,"ocean_menu_typo_spacing_mobile":0,"ocean_menu_typo_spacing_unit":"","ocean_menu_link_color":"","ocean_menu_link_color_hover":"","ocean_menu_link_color_active":"","ocean_menu_link_background":"","ocean_menu_link_hover_background":"","ocean_menu_link_active_background":"","ocean_menu_social_links_bg":"","ocean_menu_social_hover_links_bg":"","ocean_menu_social_links_color":"","ocean_menu_social_hover_links_color":"","ocean_disable_title":"on","ocean_disable_heading":"on","ocean_post_title":"","ocean_post_subheading":"","ocean_post_title_style":"","ocean_post_title_background_color":"","ocean_post_title_background":0,"ocean_post_title_bg_image_position":"","ocean_post_title_bg_image_attachment":"","ocean_post_title_bg_image_repeat":"","ocean_post_title_bg_image_size":"","ocean_post_title_height":0,"ocean_post_title_bg_overlay":0.5,"ocean_post_title_bg_overlay_color":"","ocean_disable_breadcrumbs":"default","ocean_breadcrumbs_color":"","ocean_breadcrumbs_separator_color":"","ocean_breadcrumbs_links_color":"","ocean_breadcrumbs_links_hover_color":"","ocean_display_footer_widgets":"default","ocean_display_footer_bottom":"default","ocean_custom_footer_template":"0","ocean_post_oembed":"","ocean_post_self_hosted_media":"","ocean_post_video_embed":"","ocean_link_format":"","ocean_link_format_target":"self","ocean_quote_format":"","ocean_quote_format_link":"post","ocean_gallery_link_images":"off","ocean_gallery_id":[],"footnotes":""},"categories":[1],"tags":[],"class_list":["post-2092","post","type-post","status-publish","format-standard","has-post-thumbnail","hentry","category-allgemein","entry","has-media"],"_links":{"self":[{"href":"https:\/\/www.feuerwehr-buchschlag.de\/index.php?rest_route=\/wp\/v2\/posts\/2092","targetHints":{"allow":["GET"]}}],"collection":[{"href":"https:\/\/www.feuerwehr-buchschlag.de\/index.php?rest_route=\/wp\/v2\/posts"}],"about":[{"href":"https:\/\/www.feuerwehr-buchschlag.de\/index.php?rest_route=\/wp\/v2\/types\/post"}],"author":[{"embeddable":true,"href":"https:\/\/www.feuerwehr-buchschlag.de\/index.php?rest_route=\/wp\/v2\/users\/1"}],"replies":[{"embeddable":true,"href":"https:\/\/www.feuerwehr-buchschlag.de\/index.php?rest_route=%2Fwp%2Fv2%2Fcomments&post=2092"}],"version-history":[{"count":7,"href":"https:\/\/www.feuerwehr-buchschlag.de\/index.php?rest_route=\/wp\/v2\/posts\/2092\/revisions"}],"predecessor-version":[{"id":2123,"href":"https:\/\/www.feuerwehr-buchschlag.de\/index.php?rest_route=\/wp\/v2\/posts\/2092\/revisions\/2123"}],"wp:featuredmedia":[{"embeddable":true,"href":"https:\/\/www.feuerwehr-buchschlag.de\/index.php?rest_route=\/wp\/v2\/media\/2098"}],"wp:attachment":[{"href":"https:\/\/www.feuerwehr-buchschlag.de\/index.php?rest_route=%2Fwp%2Fv2%2Fmedia&parent=2092"}],"wp:term":[{"taxonomy":"category","embeddable":true,"href":"https:\/\/www.feuerwehr-buchschlag.de\/index.php?rest_route=%2Fwp%2Fv2%2Fcategories&post=2092"},{"taxonomy":"post_tag","embeddable":true,"href":"https:\/\/www.feuerwehr-buchschlag.de\/index.php?rest_route=%2Fwp%2Fv2%2Ftags&post=2092"}],"curies":[{"name":"wp","href":"https:\/\/api.w.org\/{rel}","templated":true}]}}