{"id":2190,"date":"2019-05-01T17:23:43","date_gmt":"2019-05-01T15:23:43","guid":{"rendered":"https:\/\/www.feuerwehr-buchschlag.de\/?p=2190"},"modified":"2019-05-01T17:44:23","modified_gmt":"2019-05-01T15:44:23","slug":"einbau-elektrischer-torantriebe","status":"publish","type":"post","link":"https:\/\/www.feuerwehr-buchschlag.de\/?p=2190","title":{"rendered":"Einbau elektrischer Torantriebe"},"content":{"rendered":"\t\t<div data-elementor-type=\"wp-post\" data-elementor-id=\"2190\" class=\"elementor elementor-2190 elementor-bc-flex-widget\">\n\t\t\t\t\t\t<section class=\"elementor-section elementor-top-section elementor-element elementor-element-4539951e elementor-section-full_width elementor-section-height-default elementor-section-height-default\" data-id=\"4539951e\" data-element_type=\"section\" data-e-type=\"section\" data-settings=\"{&quot;background_background&quot;:&quot;classic&quot;,&quot;shape_divider_bottom&quot;:&quot;opacity-tilt&quot;}\">\n\t\t\t\t\t\t\t<div class=\"elementor-background-overlay\"><\/div>\n\t\t\t\t\t\t<div class=\"elementor-shape elementor-shape-bottom\" aria-hidden=\"true\" data-negative=\"false\">\n\t\t\t<svg xmlns=\"http:\/\/www.w3.org\/2000\/svg\" viewBox=\"0 0 2600 131.1\" preserveAspectRatio=\"none\">\n\t<path class=\"elementor-shape-fill\" d=\"M0 0L2600 0 2600 69.1 0 0z\"\/>\n\t<path class=\"elementor-shape-fill\" style=\"opacity:0.5\" d=\"M0 0L2600 0 2600 69.1 0 69.1z\"\/>\n\t<path class=\"elementor-shape-fill\" style=\"opacity:0.25\" d=\"M2600 0L0 0 0 130.1 2600 69.1z\"\/>\n<\/svg>\t\t<\/div>\n\t\t\t\t\t<div class=\"elementor-container elementor-column-gap-default\">\n\t\t\t\t\t<div class=\"elementor-column elementor-col-100 elementor-top-column elementor-element elementor-element-7abe9af5\" data-id=\"7abe9af5\" data-element_type=\"column\" data-e-type=\"column\">\n\t\t\t<div class=\"elementor-widget-wrap elementor-element-populated\">\n\t\t\t\t\t\t<div class=\"elementor-element elementor-element-230e9720 elementor-widget elementor-widget-heading\" data-id=\"230e9720\" data-element_type=\"widget\" data-e-type=\"widget\" data-widget_type=\"heading.default\">\n\t\t\t\t<div class=\"elementor-widget-container\">\n\t\t\t\t\t<h2 class=\"elementor-heading-title elementor-size-default\">Einbau elektrischer Torantriebe<\/h2>\t\t\t\t<\/div>\n\t\t\t\t<\/div>\n\t\t\t\t<div class=\"elementor-element elementor-element-439baa2a elementor-view-default elementor-widget elementor-widget-icon\" data-id=\"439baa2a\" data-element_type=\"widget\" data-e-type=\"widget\" data-widget_type=\"icon.default\">\n\t\t\t\t<div class=\"elementor-widget-container\">\n\t\t\t\t\t\t\t<div class=\"elementor-icon-wrapper\">\n\t\t\t<div class=\"elementor-icon\">\n\t\t\t\t\t\t\t<i class=\"fa fa-plug\" aria-hidden=\"true\"><\/i>\n\t\t\t\t\t\t<\/div>\n\t\t<\/div>\n\t\t\t\t\t\t<\/div>\n\t\t\t\t<\/div>\n\t\t\t\t\t<\/div>\n\t\t<\/div>\n\t\t\t\t\t<\/div>\n\t\t<\/section>\n\t\t\t\t<section class=\"elementor-section elementor-top-section elementor-element elementor-element-7cef13a7 elementor-section-boxed elementor-section-height-default elementor-section-height-default\" data-id=\"7cef13a7\" data-element_type=\"section\" data-e-type=\"section\" data-settings=\"{&quot;background_background&quot;:&quot;classic&quot;}\">\n\t\t\t\t\t\t\t<div class=\"elementor-background-overlay\"><\/div>\n\t\t\t\t\t\t\t<div class=\"elementor-container elementor-column-gap-default\">\n\t\t\t\t\t<div class=\"elementor-column elementor-col-100 elementor-top-column elementor-element elementor-element-a4e7361\" data-id=\"a4e7361\" data-element_type=\"column\" data-e-type=\"column\">\n\t\t\t<div class=\"elementor-widget-wrap elementor-element-populated\">\n\t\t\t\t\t\t<div class=\"elementor-element elementor-element-61732bcd elementor-widget elementor-widget-spacer\" data-id=\"61732bcd\" data-element_type=\"widget\" data-e-type=\"widget\" data-widget_type=\"spacer.default\">\n\t\t\t\t<div class=\"elementor-widget-container\">\n\t\t\t\t\t\t\t<div class=\"elementor-spacer\">\n\t\t\t<div class=\"elementor-spacer-inner\"><\/div>\n\t\t<\/div>\n\t\t\t\t\t\t<\/div>\n\t\t\t\t<\/div>\n\t\t\t\t<div class=\"elementor-element elementor-element-13f97a86 elementor-widget elementor-widget-text-editor\" data-id=\"13f97a86\" data-element_type=\"widget\" data-e-type=\"widget\" data-widget_type=\"text-editor.default\">\n\t\t\t\t<div class=\"elementor-widget-container\">\n\t\t\t\t\t\t\t\t\t<div>Am 06. April 2019 war es endlich soweit. Nach einer l\u00e4ngeren Zeit der Planung und Organisation der Genehmigungen seitens der Stadt Dreieich, konnte der Feuerwehrverein in Eigenleistung elektrische Antriebe an unsere bis dahin manuell betriebenen Hallentore installieren.<\/div><div>\u00a0<\/div><div>Die daf\u00fcr notwendigen Kosten wurden dabei vollst\u00e4ndig von Seiten des Feuerwehrvereins gedeckt. Ein ganz gro\u00dfes Dankesch\u00f6n geht dabei an Herrn Nolte, ein Gro\u00dfteil des eingebrachten Geldes geht auf eine Spende von ihm zur\u00fcck. Weiterhin ist der Firma Marantec zu danke, die uns als Feuerwehr ein sehr entgegenkommendes Angebot gemacht hat und uns bei der Programmierung unentgeldlich unterst\u00fctzte. Nur dadurch konnten wir beide Hallentore elektrifizieren anstatt, wie urspr\u00fcnglich geplant, nur eins.<\/div><div>Ebenfalls ist unserem Mitglied Niels Ulrich und seiner Firma Wilhelm Ulrich KG zu danken. Durch seine Unterst\u00fctzung konnte schnell und professionell die Elektroinstallation vorgenommen werden.<\/div><div>\u00a0<\/div><div>Die elektrischen Antriebe erm\u00f6glichen uns nun schneller zu einem Einsatz auszur\u00fccken, da das langsame manuelle \u00d6ffnen und Schlie\u00dfen der Tore entf\u00e4llt.<\/div><div>\u00a0<\/div>\t\t\t\t\t\t\t\t<\/div>\n\t\t\t\t<\/div>\n\t\t\t\t\t<\/div>\n\t\t<\/div>\n\t\t\t\t\t<\/div>\n\t\t<\/section>\n\t\t\t\t<section class=\"elementor-section elementor-top-section elementor-element elementor-element-192a5914 elementor-section-boxed elementor-section-height-default elementor-section-height-default\" data-id=\"192a5914\" data-element_type=\"section\" data-e-type=\"section\">\n\t\t\t\t\t\t<div class=\"elementor-container elementor-column-gap-no\">\n\t\t\t\t\t<div class=\"elementor-column elementor-col-100 elementor-top-column elementor-element elementor-element-1966beef\" data-id=\"1966beef\" data-element_type=\"column\" data-e-type=\"column\">\n\t\t\t<div class=\"elementor-widget-wrap elementor-element-populated\">\n\t\t\t\t\t\t<section class=\"elementor-section elementor-inner-section elementor-element elementor-element-7490d89 elementor-section-boxed elementor-section-height-default elementor-section-height-default\" data-id=\"7490d89\" data-element_type=\"section\" data-e-type=\"section\" data-settings=\"{&quot;background_background&quot;:&quot;video&quot;,&quot;background_video_link&quot;:&quot;https:\\\/\\\/www.feuerwehr-buchschlag.de\\\/wp-content\\\/uploads\\\/2019\\\/05\\\/VID-20190412-WA0009.mp4&quot;}\">\n\t\t\t\t\t\t\t\t<div class=\"elementor-background-video-container elementor-hidden-mobile\">\n\t\t\t\t\t\t\t\t\t\t\t\t\t<video class=\"elementor-background-video-hosted\" role=\"presentation\" autoplay muted playsinline loop><\/video>\n\t\t\t\t\t\t\t\t\t\t\t<\/div>\n\t\t\t\t\t\t\t\t<div class=\"elementor-container elementor-column-gap-default\">\n\t\t\t\t\t<div class=\"elementor-column elementor-col-100 elementor-inner-column elementor-element elementor-element-6689405\" data-id=\"6689405\" data-element_type=\"column\" data-e-type=\"column\">\n\t\t\t<div class=\"elementor-widget-wrap\">\n\t\t\t\t\t\t\t<\/div>\n\t\t<\/div>\n\t\t\t\t\t<\/div>\n\t\t<\/section>\n\t\t\t\t\t<\/div>\n\t\t<\/div>\n\t\t\t\t\t<\/div>\n\t\t<\/section>\n\t\t\t\t<section class=\"elementor-section elementor-top-section elementor-element elementor-element-652cecf0 elementor-hidden-phone elementor-section-boxed elementor-section-height-default elementor-section-height-default\" data-id=\"652cecf0\" data-element_type=\"section\" data-e-type=\"section\">\n\t\t\t\t\t\t<div class=\"elementor-container elementor-column-gap-default\">\n\t\t\t\t\t<div class=\"elementor-column elementor-col-100 elementor-top-column elementor-element elementor-element-4d296145\" data-id=\"4d296145\" data-element_type=\"column\" data-e-type=\"column\">\n\t\t\t<div class=\"elementor-widget-wrap elementor-element-populated\">\n\t\t\t\t\t\t<div class=\"elementor-element elementor-element-7bff8220 gallery-spacing-custom elementor-widget elementor-widget-image-gallery\" data-id=\"7bff8220\" data-element_type=\"widget\" data-e-type=\"widget\" data-widget_type=\"image-gallery.default\">\n\t\t\t\t<div class=\"elementor-widget-container\">\n\t\t\t\t\t\t\t<div class=\"elementor-image-gallery\">\n\t\t\t<div id='gallery-1' class='gallery galleryid-2190 gallery-columns-4 gallery-size-thumbnail'><figure class='gallery-item'>\n\t\t\t<div class='gallery-icon portrait'>\n\t\t\t\t<a data-elementor-open-lightbox=\"yes\" data-elementor-lightbox-slideshow=\"7bff8220\" data-elementor-lightbox-description=\"Feuerwehr Dreieich Buchschlag Marantec Nolte Ulrich\" data-e-action-hash=\"#elementor-action%3Aaction%3Dlightbox%26settings%3DeyJpZCI6MjIwMywidXJsIjoiaHR0cHM6XC9cL3d3dy5mZXVlcndlaHItYnVjaHNjaGxhZy5kZVwvd3AtY29udGVudFwvdXBsb2Fkc1wvMjAxOVwvMDVcL1A0MDYxODcwLmpwZyIsInNsaWRlc2hvdyI6IjdiZmY4MjIwIn0%3D\" href='https:\/\/www.feuerwehr-buchschlag.de\/wp-content\/uploads\/2019\/05\/P4061870.jpg'><img decoding=\"async\" width=\"150\" height=\"150\" src=\"https:\/\/www.feuerwehr-buchschlag.de\/wp-content\/uploads\/2019\/05\/P4061870-150x150.jpg\" class=\"attachment-thumbnail size-thumbnail\" alt=\"\" \/><\/a>\n\t\t\t<\/div><\/figure><figure class='gallery-item'>\n\t\t\t<div class='gallery-icon portrait'>\n\t\t\t\t<a data-elementor-open-lightbox=\"yes\" data-elementor-lightbox-slideshow=\"7bff8220\" data-elementor-lightbox-description=\"Feuerwehr Dreieich Buchschlag Marantec Nolte Ulrich\" data-e-action-hash=\"#elementor-action%3Aaction%3Dlightbox%26settings%3DeyJpZCI6MjIwMiwidXJsIjoiaHR0cHM6XC9cL3d3dy5mZXVlcndlaHItYnVjaHNjaGxhZy5kZVwvd3AtY29udGVudFwvdXBsb2Fkc1wvMjAxOVwvMDVcL1A0MDYxODY2LmpwZyIsInNsaWRlc2hvdyI6IjdiZmY4MjIwIn0%3D\" href='https:\/\/www.feuerwehr-buchschlag.de\/wp-content\/uploads\/2019\/05\/P4061866.jpg'><img decoding=\"async\" width=\"150\" height=\"150\" src=\"https:\/\/www.feuerwehr-buchschlag.de\/wp-content\/uploads\/2019\/05\/P4061866-150x150.jpg\" class=\"attachment-thumbnail size-thumbnail\" alt=\"\" \/><\/a>\n\t\t\t<\/div><\/figure><figure class='gallery-item'>\n\t\t\t<div class='gallery-icon portrait'>\n\t\t\t\t<a data-elementor-open-lightbox=\"yes\" data-elementor-lightbox-slideshow=\"7bff8220\" data-elementor-lightbox-description=\"Feuerwehr Dreieich Buchschlag Marantec Nolte Ulrich\" data-e-action-hash=\"#elementor-action%3Aaction%3Dlightbox%26settings%3DeyJpZCI6MjIwMSwidXJsIjoiaHR0cHM6XC9cL3d3dy5mZXVlcndlaHItYnVjaHNjaGxhZy5kZVwvd3AtY29udGVudFwvdXBsb2Fkc1wvMjAxOVwvMDVcL1A0MDYxODYxLmpwZyIsInNsaWRlc2hvdyI6IjdiZmY4MjIwIn0%3D\" href='https:\/\/www.feuerwehr-buchschlag.de\/wp-content\/uploads\/2019\/05\/P4061861.jpg'><img decoding=\"async\" width=\"150\" height=\"150\" src=\"https:\/\/www.feuerwehr-buchschlag.de\/wp-content\/uploads\/2019\/05\/P4061861-150x150.jpg\" class=\"attachment-thumbnail size-thumbnail\" alt=\"\" \/><\/a>\n\t\t\t<\/div><\/figure><figure class='gallery-item'>\n\t\t\t<div class='gallery-icon portrait'>\n\t\t\t\t<a data-elementor-open-lightbox=\"yes\" data-elementor-lightbox-slideshow=\"7bff8220\" data-elementor-lightbox-description=\"Feuerwehr Dreieich Buchschlag Marantec Nolte Ulrich\" data-e-action-hash=\"#elementor-action%3Aaction%3Dlightbox%26settings%3DeyJpZCI6MjIwMCwidXJsIjoiaHR0cHM6XC9cL3d3dy5mZXVlcndlaHItYnVjaHNjaGxhZy5kZVwvd3AtY29udGVudFwvdXBsb2Fkc1wvMjAxOVwvMDVcL1A0MDYxODU5LmpwZyIsInNsaWRlc2hvdyI6IjdiZmY4MjIwIn0%3D\" href='https:\/\/www.feuerwehr-buchschlag.de\/wp-content\/uploads\/2019\/05\/P4061859.jpg'><img loading=\"lazy\" decoding=\"async\" width=\"150\" height=\"150\" src=\"https:\/\/www.feuerwehr-buchschlag.de\/wp-content\/uploads\/2019\/05\/P4061859-150x150.jpg\" class=\"attachment-thumbnail size-thumbnail\" alt=\"\" \/><\/a>\n\t\t\t<\/div><\/figure><figure class='gallery-item'>\n\t\t\t<div class='gallery-icon landscape'>\n\t\t\t\t<a data-elementor-open-lightbox=\"yes\" data-elementor-lightbox-slideshow=\"7bff8220\" data-elementor-lightbox-description=\"Feuerwehr Dreieich Buchschlag Marantec Nolte Ulrich\" data-e-action-hash=\"#elementor-action%3Aaction%3Dlightbox%26settings%3DeyJpZCI6MjE5OSwidXJsIjoiaHR0cHM6XC9cL3d3dy5mZXVlcndlaHItYnVjaHNjaGxhZy5kZVwvd3AtY29udGVudFwvdXBsb2Fkc1wvMjAxOVwvMDVcL1A0MDYxODU4LmpwZyIsInNsaWRlc2hvdyI6IjdiZmY4MjIwIn0%3D\" href='https:\/\/www.feuerwehr-buchschlag.de\/wp-content\/uploads\/2019\/05\/P4061858.jpg'><img loading=\"lazy\" decoding=\"async\" width=\"150\" height=\"150\" src=\"https:\/\/www.feuerwehr-buchschlag.de\/wp-content\/uploads\/2019\/05\/P4061858-150x150.jpg\" class=\"attachment-thumbnail size-thumbnail\" alt=\"\" \/><\/a>\n\t\t\t<\/div><\/figure><figure class='gallery-item'>\n\t\t\t<div class='gallery-icon landscape'>\n\t\t\t\t<a data-elementor-open-lightbox=\"yes\" data-elementor-lightbox-slideshow=\"7bff8220\" data-elementor-lightbox-description=\"Feuerwehr Dreieich Buchschlag Marantec Nolte Ulrich\" data-e-action-hash=\"#elementor-action%3Aaction%3Dlightbox%26settings%3DeyJpZCI6MjE5OCwidXJsIjoiaHR0cHM6XC9cL3d3dy5mZXVlcndlaHItYnVjaHNjaGxhZy5kZVwvd3AtY29udGVudFwvdXBsb2Fkc1wvMjAxOVwvMDVcL1A0MDYxODUyLmpwZyIsInNsaWRlc2hvdyI6IjdiZmY4MjIwIn0%3D\" href='https:\/\/www.feuerwehr-buchschlag.de\/wp-content\/uploads\/2019\/05\/P4061852.jpg'><img loading=\"lazy\" decoding=\"async\" width=\"150\" height=\"150\" src=\"https:\/\/www.feuerwehr-buchschlag.de\/wp-content\/uploads\/2019\/05\/P4061852-150x150.jpg\" class=\"attachment-thumbnail size-thumbnail\" alt=\"\" \/><\/a>\n\t\t\t<\/div><\/figure><figure class='gallery-item'>\n\t\t\t<div class='gallery-icon landscape'>\n\t\t\t\t<a data-elementor-open-lightbox=\"yes\" data-elementor-lightbox-slideshow=\"7bff8220\" data-elementor-lightbox-description=\"Feuerwehr Dreieich Buchschlag Marantec Nolte Ulrich\" data-e-action-hash=\"#elementor-action%3Aaction%3Dlightbox%26settings%3DeyJpZCI6MjE5NywidXJsIjoiaHR0cHM6XC9cL3d3dy5mZXVlcndlaHItYnVjaHNjaGxhZy5kZVwvd3AtY29udGVudFwvdXBsb2Fkc1wvMjAxOVwvMDVcL1A0MDYxODQ4LmpwZyIsInNsaWRlc2hvdyI6IjdiZmY4MjIwIn0%3D\" href='https:\/\/www.feuerwehr-buchschlag.de\/wp-content\/uploads\/2019\/05\/P4061848.jpg'><img loading=\"lazy\" decoding=\"async\" width=\"150\" height=\"150\" src=\"https:\/\/www.feuerwehr-buchschlag.de\/wp-content\/uploads\/2019\/05\/P4061848-150x150.jpg\" class=\"attachment-thumbnail size-thumbnail\" alt=\"\" \/><\/a>\n\t\t\t<\/div><\/figure>\n\t\t<\/div>\n\t\t<\/div>\n\t\t\t\t\t\t<\/div>\n\t\t\t\t<\/div>\n\t\t\t\t\t<\/div>\n\t\t<\/div>\n\t\t\t\t\t<\/div>\n\t\t<\/section>\n\t\t\t\t<\/div>\n\t\t","protected":false},"excerpt":{"rendered":"<p>Einbau elektrischer Torantriebe Am 06. April 2019 war es endlich soweit. Nach einer l\u00e4ngeren Zeit der Planung und Organisation der Genehmigungen seitens der Stadt Dreieich, konnte der Feuerwehrverein in Eigenleistung elektrische Antriebe an unsere bis dahin manuell betriebenen Hallentore installieren.\u00a0Die daf\u00fcr notwendigen Kosten wurden dabei vollst\u00e4ndig von Seiten des Feuerwehrvereins gedeckt. Ein ganz gro\u00dfes Dankesch\u00f6n [&hellip;]<\/p>\n","protected":false},"author":1,"featured_media":2213,"comment_status":"closed","ping_status":"closed","sticky":false,"template":"","format":"standard","meta":{"ocean_post_layout":"full-screen","ocean_both_sidebars_style":"","ocean_both_sidebars_content_width":0,"ocean_both_sidebars_sidebars_width":0,"ocean_sidebar":"0","ocean_second_sidebar":"0","ocean_disable_margins":"on","ocean_add_body_class":"","ocean_shortcode_before_top_bar":"","ocean_shortcode_after_top_bar":"","ocean_shortcode_before_header":"","ocean_shortcode_after_header":"","ocean_has_shortcode":"","ocean_shortcode_after_title":"","ocean_shortcode_before_footer_widgets":"","ocean_shortcode_after_footer_widgets":"","ocean_shortcode_before_footer_bottom":"","ocean_shortcode_after_footer_bottom":"","ocean_display_top_bar":"off","ocean_display_header":"on","ocean_header_style":"","ocean_center_header_left_menu":"0","ocean_custom_header_template":"0","ocean_custom_logo":0,"ocean_custom_retina_logo":0,"ocean_custom_logo_max_width":0,"ocean_custom_logo_tablet_max_width":0,"ocean_custom_logo_mobile_max_width":0,"ocean_custom_logo_max_height":0,"ocean_custom_logo_tablet_max_height":0,"ocean_custom_logo_mobile_max_height":0,"ocean_header_custom_menu":"0","ocean_menu_typo_font_family":"0","ocean_menu_typo_font_subset":"","ocean_menu_typo_font_size":0,"ocean_menu_typo_font_size_tablet":0,"ocean_menu_typo_font_size_mobile":0,"ocean_menu_typo_font_size_unit":"px","ocean_menu_typo_font_weight":"","ocean_menu_typo_font_weight_tablet":"","ocean_menu_typo_font_weight_mobile":"","ocean_menu_typo_transform":"","ocean_menu_typo_transform_tablet":"","ocean_menu_typo_transform_mobile":"","ocean_menu_typo_line_height":0,"ocean_menu_typo_line_height_tablet":0,"ocean_menu_typo_line_height_mobile":0,"ocean_menu_typo_line_height_unit":"","ocean_menu_typo_spacing":0,"ocean_menu_typo_spacing_tablet":0,"ocean_menu_typo_spacing_mobile":0,"ocean_menu_typo_spacing_unit":"","ocean_menu_link_color":"","ocean_menu_link_color_hover":"","ocean_menu_link_color_active":"","ocean_menu_link_background":"","ocean_menu_link_hover_background":"","ocean_menu_link_active_background":"","ocean_menu_social_links_bg":"","ocean_menu_social_hover_links_bg":"","ocean_menu_social_links_color":"","ocean_menu_social_hover_links_color":"","ocean_disable_title":"on","ocean_disable_heading":"default","ocean_post_title":"","ocean_post_subheading":"","ocean_post_title_style":"","ocean_post_title_background_color":"","ocean_post_title_background":0,"ocean_post_title_bg_image_position":"","ocean_post_title_bg_image_attachment":"","ocean_post_title_bg_image_repeat":"","ocean_post_title_bg_image_size":"","ocean_post_title_height":0,"ocean_post_title_bg_overlay":0.5,"ocean_post_title_bg_overlay_color":"","ocean_disable_breadcrumbs":"default","ocean_breadcrumbs_color":"","ocean_breadcrumbs_separator_color":"","ocean_breadcrumbs_links_color":"","ocean_breadcrumbs_links_hover_color":"","ocean_display_footer_widgets":"default","ocean_display_footer_bottom":"default","ocean_custom_footer_template":"0","ocean_post_oembed":"","ocean_post_self_hosted_media":"","ocean_post_video_embed":"","ocean_link_format":"","ocean_link_format_target":"self","ocean_quote_format":"","ocean_quote_format_link":"post","ocean_gallery_link_images":"off","ocean_gallery_id":[],"footnotes":""},"categories":[1],"tags":[],"class_list":["post-2190","post","type-post","status-publish","format-standard","has-post-thumbnail","hentry","category-allgemein","entry","has-media"],"_links":{"self":[{"href":"https:\/\/www.feuerwehr-buchschlag.de\/index.php?rest_route=\/wp\/v2\/posts\/2190","targetHints":{"allow":["GET"]}}],"collection":[{"href":"https:\/\/www.feuerwehr-buchschlag.de\/index.php?rest_route=\/wp\/v2\/posts"}],"about":[{"href":"https:\/\/www.feuerwehr-buchschlag.de\/index.php?rest_route=\/wp\/v2\/types\/post"}],"author":[{"embeddable":true,"href":"https:\/\/www.feuerwehr-buchschlag.de\/index.php?rest_route=\/wp\/v2\/users\/1"}],"replies":[{"embeddable":true,"href":"https:\/\/www.feuerwehr-buchschlag.de\/index.php?rest_route=%2Fwp%2Fv2%2Fcomments&post=2190"}],"version-history":[{"count":13,"href":"https:\/\/www.feuerwehr-buchschlag.de\/index.php?rest_route=\/wp\/v2\/posts\/2190\/revisions"}],"predecessor-version":[{"id":2214,"href":"https:\/\/www.feuerwehr-buchschlag.de\/index.php?rest_route=\/wp\/v2\/posts\/2190\/revisions\/2214"}],"wp:featuredmedia":[{"embeddable":true,"href":"https:\/\/www.feuerwehr-buchschlag.de\/index.php?rest_route=\/wp\/v2\/media\/2213"}],"wp:attachment":[{"href":"https:\/\/www.feuerwehr-buchschlag.de\/index.php?rest_route=%2Fwp%2Fv2%2Fmedia&parent=2190"}],"wp:term":[{"taxonomy":"category","embeddable":true,"href":"https:\/\/www.feuerwehr-buchschlag.de\/index.php?rest_route=%2Fwp%2Fv2%2Fcategories&post=2190"},{"taxonomy":"post_tag","embeddable":true,"href":"https:\/\/www.feuerwehr-buchschlag.de\/index.php?rest_route=%2Fwp%2Fv2%2Ftags&post=2190"}],"curies":[{"name":"wp","href":"https:\/\/api.w.org\/{rel}","templated":true}]}}