{"id":2215,"date":"2019-05-01T18:08:17","date_gmt":"2019-05-01T16:08:17","guid":{"rendered":"https:\/\/www.feuerwehr-buchschlag.de\/?p=2215"},"modified":"2019-07-12T12:11:27","modified_gmt":"2019-07-12T10:11:27","slug":"jugendsammelwoche","status":"publish","type":"post","link":"https:\/\/www.feuerwehr-buchschlag.de\/?p=2215","title":{"rendered":"Jugendsammelwoche"},"content":{"rendered":"\t\t<div data-elementor-type=\"wp-post\" data-elementor-id=\"2215\" class=\"elementor elementor-2215 elementor-bc-flex-widget\">\n\t\t\t\t\t\t<section class=\"elementor-section elementor-top-section elementor-element elementor-element-33e3f9f6 elementor-section-full_width elementor-section-height-default elementor-section-height-default\" data-id=\"33e3f9f6\" data-element_type=\"section\" data-e-type=\"section\" data-settings=\"{&quot;background_background&quot;:&quot;classic&quot;,&quot;shape_divider_bottom&quot;:&quot;opacity-tilt&quot;}\">\n\t\t\t\t\t\t\t<div class=\"elementor-background-overlay\"><\/div>\n\t\t\t\t\t\t<div class=\"elementor-shape elementor-shape-bottom\" aria-hidden=\"true\" data-negative=\"false\">\n\t\t\t<svg xmlns=\"http:\/\/www.w3.org\/2000\/svg\" viewBox=\"0 0 2600 131.1\" preserveAspectRatio=\"none\">\n\t<path class=\"elementor-shape-fill\" d=\"M0 0L2600 0 2600 69.1 0 0z\"\/>\n\t<path class=\"elementor-shape-fill\" style=\"opacity:0.5\" d=\"M0 0L2600 0 2600 69.1 0 69.1z\"\/>\n\t<path class=\"elementor-shape-fill\" style=\"opacity:0.25\" d=\"M2600 0L0 0 0 130.1 2600 69.1z\"\/>\n<\/svg>\t\t<\/div>\n\t\t\t\t\t<div class=\"elementor-container elementor-column-gap-default\">\n\t\t\t\t\t<div class=\"elementor-column elementor-col-100 elementor-top-column elementor-element elementor-element-697cd70f\" data-id=\"697cd70f\" data-element_type=\"column\" data-e-type=\"column\">\n\t\t\t<div class=\"elementor-widget-wrap elementor-element-populated\">\n\t\t\t\t\t\t<div class=\"elementor-element elementor-element-62c214aa elementor-widget elementor-widget-heading\" data-id=\"62c214aa\" data-element_type=\"widget\" data-e-type=\"widget\" data-widget_type=\"heading.default\">\n\t\t\t\t<div class=\"elementor-widget-container\">\n\t\t\t\t\t<h2 class=\"elementor-heading-title elementor-size-default\">Jugendsammelwoche<\/h2>\t\t\t\t<\/div>\n\t\t\t\t<\/div>\n\t\t\t\t<div class=\"elementor-element elementor-element-6c3c2200 elementor-widget elementor-widget-text-editor\" data-id=\"6c3c2200\" data-element_type=\"widget\" data-e-type=\"widget\" data-widget_type=\"text-editor.default\">\n\t\t\t\t<div class=\"elementor-widget-container\">\n\t\t\t\t\t\t\t\t\t<p>Spenden f\u00fcr die Jugendfeuerwehr<\/p>\t\t\t\t\t\t\t\t<\/div>\n\t\t\t\t<\/div>\n\t\t\t\t\t<\/div>\n\t\t<\/div>\n\t\t\t\t\t<\/div>\n\t\t<\/section>\n\t\t\t\t<section class=\"elementor-section elementor-top-section elementor-element elementor-element-20fcc2cd elementor-section-boxed elementor-section-height-default elementor-section-height-default\" data-id=\"20fcc2cd\" data-element_type=\"section\" data-e-type=\"section\" data-settings=\"{&quot;background_background&quot;:&quot;classic&quot;}\">\n\t\t\t\t\t\t\t<div class=\"elementor-background-overlay\"><\/div>\n\t\t\t\t\t\t\t<div class=\"elementor-container elementor-column-gap-default\">\n\t\t\t\t\t<div class=\"elementor-column elementor-col-100 elementor-top-column elementor-element elementor-element-47843796\" data-id=\"47843796\" data-element_type=\"column\" data-e-type=\"column\">\n\t\t\t<div class=\"elementor-widget-wrap elementor-element-populated\">\n\t\t\t\t\t\t<div class=\"elementor-element elementor-element-62651c77 elementor-widget elementor-widget-spacer\" data-id=\"62651c77\" data-element_type=\"widget\" data-e-type=\"widget\" data-widget_type=\"spacer.default\">\n\t\t\t\t<div class=\"elementor-widget-container\">\n\t\t\t\t\t\t\t<div class=\"elementor-spacer\">\n\t\t\t<div class=\"elementor-spacer-inner\"><\/div>\n\t\t<\/div>\n\t\t\t\t\t\t<\/div>\n\t\t\t\t<\/div>\n\t\t\t\t<div class=\"elementor-element elementor-element-2afda309 elementor-widget elementor-widget-text-editor\" data-id=\"2afda309\" data-element_type=\"widget\" data-e-type=\"widget\" data-widget_type=\"text-editor.default\">\n\t\t\t\t<div class=\"elementor-widget-container\">\n\t\t\t\t\t\t\t\t\t<p>Passend zur Osterzeit erhielten die B\u00fcrgerinnen und B\u00fcrger Buchschlags ein <strong>Ei<\/strong>nsatzleiter als kleines Dankesch\u00f6n f\u00fcr ihre erbachte Spende. Dies geschah im Rahmen der <a href=\"https:\/\/jugendsammelwoche.de\/\" target=\"_blank\" rel=\"noopener\">Jugendsammelwoche<\/a>. Dabei werden 50 Prozent des gespendeten Gelds f\u00fcr die allgemeine Jugendarbeit weitergegeben, die andere H\u00e4lfte kommt der Jugendfeuerwehr Buchschlag zugute.<\/p><p>In den vergangenen Wochen und Monaten wurde f\u00fcr die Kinder und Jugendlichen ein eigener Jugendraum im Feuerwehrhaus eingerichtet.<br \/>Das gesammeltet Geld m\u00f6chten die Jugendfeuerwehrmitglieder f\u00fcr die weitere Ausgestaltung des Raums nutzen.<\/p><p>Wir bedanken uns an dieser Stelle bei allen Spenderinnen und Spender sowie bei der Volksbank Dreieich und Cafe Ernst f\u00fcr die Zurverf\u00fcgungstellung des Platzes!<\/p>\t\t\t\t\t\t\t\t<\/div>\n\t\t\t\t<\/div>\n\t\t\t\t\t<\/div>\n\t\t<\/div>\n\t\t\t\t\t<\/div>\n\t\t<\/section>\n\t\t\t\t<section class=\"elementor-section elementor-top-section elementor-element elementor-element-64961a60 elementor-section-boxed elementor-section-height-default elementor-section-height-default\" data-id=\"64961a60\" data-element_type=\"section\" data-e-type=\"section\">\n\t\t\t\t\t\t<div class=\"elementor-container elementor-column-gap-no\">\n\t\t\t\t\t<div class=\"elementor-column elementor-col-100 elementor-top-column elementor-element elementor-element-22059cc0\" data-id=\"22059cc0\" data-element_type=\"column\" data-e-type=\"column\">\n\t\t\t<div class=\"elementor-widget-wrap elementor-element-populated\">\n\t\t\t\t\t\t<div class=\"elementor-element elementor-element-557c555d elementor-arrows-position-inside elementor-pagination-position-outside elementor-widget elementor-widget-image-carousel\" data-id=\"557c555d\" data-element_type=\"widget\" data-e-type=\"widget\" data-settings=\"{&quot;slides_to_show&quot;:&quot;1&quot;,&quot;navigation&quot;:&quot;both&quot;,&quot;autoplay&quot;:&quot;yes&quot;,&quot;pause_on_hover&quot;:&quot;yes&quot;,&quot;pause_on_interaction&quot;:&quot;yes&quot;,&quot;autoplay_speed&quot;:5000,&quot;infinite&quot;:&quot;yes&quot;,&quot;effect&quot;:&quot;slide&quot;,&quot;speed&quot;:500}\" data-widget_type=\"image-carousel.default\">\n\t\t\t\t<div class=\"elementor-widget-container\">\n\t\t\t\t\t\t\t<div class=\"elementor-image-carousel-wrapper swiper\" role=\"region\" aria-roledescription=\"carousel\" aria-label=\"Bild Karussell\" dir=\"ltr\">\n\t\t\t<div class=\"elementor-image-carousel swiper-wrapper\" aria-live=\"off\">\n\t\t\t\t\t\t\t\t<div class=\"swiper-slide\" role=\"group\" aria-roledescription=\"slide\" aria-label=\"1 von 4\"><figure class=\"swiper-slide-inner\"><img decoding=\"async\" class=\"swiper-slide-image\" src=\"https:\/\/www.feuerwehr-buchschlag.de\/wp-content\/uploads\/2019\/05\/P4131892-768x576.jpg\" alt=\"\" \/><\/figure><\/div><div class=\"swiper-slide\" role=\"group\" aria-roledescription=\"slide\" aria-label=\"2 von 4\"><figure class=\"swiper-slide-inner\"><img decoding=\"async\" class=\"swiper-slide-image\" src=\"https:\/\/www.feuerwehr-buchschlag.de\/wp-content\/uploads\/2019\/05\/P4131898-768x576.jpg\" alt=\"\" \/><\/figure><\/div><div class=\"swiper-slide\" role=\"group\" aria-roledescription=\"slide\" aria-label=\"3 von 4\"><figure class=\"swiper-slide-inner\"><img decoding=\"async\" class=\"swiper-slide-image\" src=\"https:\/\/www.feuerwehr-buchschlag.de\/wp-content\/uploads\/2019\/05\/P4131886-768x576.jpg\" alt=\"\" \/><\/figure><\/div><div class=\"swiper-slide\" role=\"group\" aria-roledescription=\"slide\" aria-label=\"4 von 4\"><figure class=\"swiper-slide-inner\"><img decoding=\"async\" class=\"swiper-slide-image\" src=\"https:\/\/www.feuerwehr-buchschlag.de\/wp-content\/uploads\/2019\/05\/P4131884-768x576.jpg\" alt=\"\" \/><\/figure><\/div>\t\t\t<\/div>\n\t\t\t\t\t\t\t\t\t\t\t\t<div class=\"elementor-swiper-button elementor-swiper-button-prev\" role=\"button\" tabindex=\"0\">\n\t\t\t\t\t\t<i aria-hidden=\"true\" class=\"eicon-chevron-left\"><\/i>\t\t\t\t\t<\/div>\n\t\t\t\t\t<div class=\"elementor-swiper-button elementor-swiper-button-next\" role=\"button\" tabindex=\"0\">\n\t\t\t\t\t\t<i aria-hidden=\"true\" class=\"eicon-chevron-right\"><\/i>\t\t\t\t\t<\/div>\n\t\t\t\t\n\t\t\t\t\t\t\t\t\t<div class=\"swiper-pagination\"><\/div>\n\t\t\t\t\t\t\t\t\t<\/div>\n\t\t\t\t\t\t<\/div>\n\t\t\t\t<\/div>\n\t\t\t\t\t<\/div>\n\t\t<\/div>\n\t\t\t\t\t<\/div>\n\t\t<\/section>\n\t\t\t\t<section class=\"elementor-section elementor-top-section elementor-element elementor-element-6c8aab57 elementor-hidden-phone elementor-section-boxed elementor-section-height-default elementor-section-height-default\" data-id=\"6c8aab57\" data-element_type=\"section\" data-e-type=\"section\">\n\t\t\t\t\t\t<div class=\"elementor-container elementor-column-gap-default\">\n\t\t\t\t\t<div class=\"elementor-column elementor-col-100 elementor-top-column elementor-element elementor-element-2fb57ec7\" data-id=\"2fb57ec7\" data-element_type=\"column\" data-e-type=\"column\">\n\t\t\t<div class=\"elementor-widget-wrap elementor-element-populated\">\n\t\t\t\t\t\t<div class=\"elementor-element elementor-element-5360ccea gallery-spacing-custom elementor-widget elementor-widget-image-gallery\" data-id=\"5360ccea\" data-element_type=\"widget\" data-e-type=\"widget\" data-widget_type=\"image-gallery.default\">\n\t\t\t\t<div class=\"elementor-widget-container\">\n\t\t\t\t\t\t\t<div class=\"elementor-image-gallery\">\n\t\t\t<div id='gallery-1' class='gallery galleryid-2215 gallery-columns-4 gallery-size-thumbnail'><figure class='gallery-item'>\n\t\t\t<div class='gallery-icon landscape'>\n\t\t\t\t<a data-elementor-open-lightbox=\"yes\" data-elementor-lightbox-slideshow=\"5360ccea\" data-elementor-lightbox-description=\"Feuerwehr Dreieich Buchschlag Jugendfeuerwehr Jugendsammelwoche Cafe Ernst\" data-e-action-hash=\"#elementor-action%3Aaction%3Dlightbox%26settings%3DeyJpZCI6MjIyMiwidXJsIjoiaHR0cHM6XC9cL3d3dy5mZXVlcndlaHItYnVjaHNjaGxhZy5kZVwvd3AtY29udGVudFwvdXBsb2Fkc1wvMjAxOVwvMDVcL1A0MTMxODk4LmpwZyIsInNsaWRlc2hvdyI6IjUzNjBjY2VhIn0%3D\" href='https:\/\/www.feuerwehr-buchschlag.de\/wp-content\/uploads\/2019\/05\/P4131898.jpg'><img decoding=\"async\" width=\"150\" height=\"150\" src=\"https:\/\/www.feuerwehr-buchschlag.de\/wp-content\/uploads\/2019\/05\/P4131898-150x150.jpg\" class=\"attachment-thumbnail size-thumbnail\" alt=\"\" \/><\/a>\n\t\t\t<\/div><\/figure><figure class='gallery-item'>\n\t\t\t<div class='gallery-icon landscape'>\n\t\t\t\t<a data-elementor-open-lightbox=\"yes\" data-elementor-lightbox-slideshow=\"5360ccea\" data-elementor-lightbox-description=\"Feuerwehr Dreieich Buchschlag Jugendfeuerwehr Jugendsammelwoche Cafe Ernst\" data-e-action-hash=\"#elementor-action%3Aaction%3Dlightbox%26settings%3DeyJpZCI6MjIyMSwidXJsIjoiaHR0cHM6XC9cL3d3dy5mZXVlcndlaHItYnVjaHNjaGxhZy5kZVwvd3AtY29udGVudFwvdXBsb2Fkc1wvMjAxOVwvMDVcL1A0MTMxODkyLmpwZyIsInNsaWRlc2hvdyI6IjUzNjBjY2VhIn0%3D\" href='https:\/\/www.feuerwehr-buchschlag.de\/wp-content\/uploads\/2019\/05\/P4131892.jpg'><img decoding=\"async\" width=\"150\" height=\"150\" src=\"https:\/\/www.feuerwehr-buchschlag.de\/wp-content\/uploads\/2019\/05\/P4131892-150x150.jpg\" class=\"attachment-thumbnail size-thumbnail\" alt=\"\" \/><\/a>\n\t\t\t<\/div><\/figure><figure class='gallery-item'>\n\t\t\t<div class='gallery-icon landscape'>\n\t\t\t\t<a data-elementor-open-lightbox=\"yes\" data-elementor-lightbox-slideshow=\"5360ccea\" data-elementor-lightbox-description=\"Feuerwehr Dreieich Buchschlag Jugendfeuerwehr Jugendsammelwoche Cafe Ernst\" data-e-action-hash=\"#elementor-action%3Aaction%3Dlightbox%26settings%3DeyJpZCI6MjIxOSwidXJsIjoiaHR0cHM6XC9cL3d3dy5mZXVlcndlaHItYnVjaHNjaGxhZy5kZVwvd3AtY29udGVudFwvdXBsb2Fkc1wvMjAxOVwvMDVcL1A0MTMxODg2LmpwZyIsInNsaWRlc2hvdyI6IjUzNjBjY2VhIn0%3D\" href='https:\/\/www.feuerwehr-buchschlag.de\/wp-content\/uploads\/2019\/05\/P4131886.jpg'><img decoding=\"async\" width=\"150\" height=\"150\" src=\"https:\/\/www.feuerwehr-buchschlag.de\/wp-content\/uploads\/2019\/05\/P4131886-150x150.jpg\" class=\"attachment-thumbnail size-thumbnail\" alt=\"\" \/><\/a>\n\t\t\t<\/div><\/figure><figure class='gallery-item'>\n\t\t\t<div class='gallery-icon landscape'>\n\t\t\t\t<a data-elementor-open-lightbox=\"yes\" data-elementor-lightbox-slideshow=\"5360ccea\" data-elementor-lightbox-description=\"Feuerwehr Dreieich Buchschlag Jugendfeuerwehr Jugendsammelwoche Cafe Ernst\" data-e-action-hash=\"#elementor-action%3Aaction%3Dlightbox%26settings%3DeyJpZCI6MjIxOCwidXJsIjoiaHR0cHM6XC9cL3d3dy5mZXVlcndlaHItYnVjaHNjaGxhZy5kZVwvd3AtY29udGVudFwvdXBsb2Fkc1wvMjAxOVwvMDVcL1A0MTMxODg0LmpwZyIsInNsaWRlc2hvdyI6IjUzNjBjY2VhIn0%3D\" href='https:\/\/www.feuerwehr-buchschlag.de\/wp-content\/uploads\/2019\/05\/P4131884.jpg'><img loading=\"lazy\" decoding=\"async\" width=\"150\" height=\"150\" src=\"https:\/\/www.feuerwehr-buchschlag.de\/wp-content\/uploads\/2019\/05\/P4131884-150x150.jpg\" class=\"attachment-thumbnail size-thumbnail\" alt=\"\" \/><\/a>\n\t\t\t<\/div><\/figure>\n\t\t<\/div>\n\t\t<\/div>\n\t\t\t\t\t\t<\/div>\n\t\t\t\t<\/div>\n\t\t\t\t\t<\/div>\n\t\t<\/div>\n\t\t\t\t\t<\/div>\n\t\t<\/section>\n\t\t\t\t<\/div>\n\t\t","protected":false},"excerpt":{"rendered":"<p>Jugendsammelwoche Spenden f\u00fcr die Jugendfeuerwehr Passend zur Osterzeit erhielten die B\u00fcrgerinnen und B\u00fcrger Buchschlags ein Einsatzleiter als kleines Dankesch\u00f6n f\u00fcr ihre erbachte Spende. Dies geschah im Rahmen der Jugendsammelwoche. Dabei werden 50 Prozent des gespendeten Gelds f\u00fcr die allgemeine Jugendarbeit weitergegeben, die andere H\u00e4lfte kommt der Jugendfeuerwehr Buchschlag zugute. In den vergangenen Wochen und Monaten [&hellip;]<\/p>\n","protected":false},"author":1,"featured_media":2218,"comment_status":"closed","ping_status":"closed","sticky":false,"template":"","format":"standard","meta":{"ocean_post_layout":"","ocean_both_sidebars_style":"","ocean_both_sidebars_content_width":0,"ocean_both_sidebars_sidebars_width":0,"ocean_sidebar":"0","ocean_second_sidebar":"0","ocean_disable_margins":"on","ocean_add_body_class":"","ocean_shortcode_before_top_bar":"","ocean_shortcode_after_top_bar":"","ocean_shortcode_before_header":"","ocean_shortcode_after_header":"","ocean_has_shortcode":"","ocean_shortcode_after_title":"","ocean_shortcode_before_footer_widgets":"","ocean_shortcode_after_footer_widgets":"","ocean_shortcode_before_footer_bottom":"","ocean_shortcode_after_footer_bottom":"","ocean_display_top_bar":"off","ocean_display_header":"on","ocean_header_style":"","ocean_center_header_left_menu":"0","ocean_custom_header_template":"0","ocean_custom_logo":0,"ocean_custom_retina_logo":0,"ocean_custom_logo_max_width":0,"ocean_custom_logo_tablet_max_width":0,"ocean_custom_logo_mobile_max_width":0,"ocean_custom_logo_max_height":0,"ocean_custom_logo_tablet_max_height":0,"ocean_custom_logo_mobile_max_height":0,"ocean_header_custom_menu":"0","ocean_menu_typo_font_family":"0","ocean_menu_typo_font_subset":"","ocean_menu_typo_font_size":0,"ocean_menu_typo_font_size_tablet":0,"ocean_menu_typo_font_size_mobile":0,"ocean_menu_typo_font_size_unit":"px","ocean_menu_typo_font_weight":"","ocean_menu_typo_font_weight_tablet":"","ocean_menu_typo_font_weight_mobile":"","ocean_menu_typo_transform":"","ocean_menu_typo_transform_tablet":"","ocean_menu_typo_transform_mobile":"","ocean_menu_typo_line_height":0,"ocean_menu_typo_line_height_tablet":0,"ocean_menu_typo_line_height_mobile":0,"ocean_menu_typo_line_height_unit":"","ocean_menu_typo_spacing":0,"ocean_menu_typo_spacing_tablet":0,"ocean_menu_typo_spacing_mobile":0,"ocean_menu_typo_spacing_unit":"","ocean_menu_link_color":"","ocean_menu_link_color_hover":"","ocean_menu_link_color_active":"","ocean_menu_link_background":"","ocean_menu_link_hover_background":"","ocean_menu_link_active_background":"","ocean_menu_social_links_bg":"","ocean_menu_social_hover_links_bg":"","ocean_menu_social_links_color":"","ocean_menu_social_hover_links_color":"","ocean_disable_title":"on","ocean_disable_heading":"default","ocean_post_title":"","ocean_post_subheading":"","ocean_post_title_style":"","ocean_post_title_background_color":"","ocean_post_title_background":0,"ocean_post_title_bg_image_position":"","ocean_post_title_bg_image_attachment":"","ocean_post_title_bg_image_repeat":"","ocean_post_title_bg_image_size":"","ocean_post_title_height":0,"ocean_post_title_bg_overlay":0.5,"ocean_post_title_bg_overlay_color":"","ocean_disable_breadcrumbs":"default","ocean_breadcrumbs_color":"","ocean_breadcrumbs_separator_color":"","ocean_breadcrumbs_links_color":"","ocean_breadcrumbs_links_hover_color":"","ocean_display_footer_widgets":"default","ocean_display_footer_bottom":"default","ocean_custom_footer_template":"0","ocean_post_oembed":"","ocean_post_self_hosted_media":"","ocean_post_video_embed":"","ocean_link_format":"","ocean_link_format_target":"self","ocean_quote_format":"","ocean_quote_format_link":"post","ocean_gallery_link_images":"off","ocean_gallery_id":[],"footnotes":""},"categories":[1],"tags":[],"class_list":["post-2215","post","type-post","status-publish","format-standard","has-post-thumbnail","hentry","category-allgemein","entry","has-media"],"_links":{"self":[{"href":"https:\/\/www.feuerwehr-buchschlag.de\/index.php?rest_route=\/wp\/v2\/posts\/2215","targetHints":{"allow":["GET"]}}],"collection":[{"href":"https:\/\/www.feuerwehr-buchschlag.de\/index.php?rest_route=\/wp\/v2\/posts"}],"about":[{"href":"https:\/\/www.feuerwehr-buchschlag.de\/index.php?rest_route=\/wp\/v2\/types\/post"}],"author":[{"embeddable":true,"href":"https:\/\/www.feuerwehr-buchschlag.de\/index.php?rest_route=\/wp\/v2\/users\/1"}],"replies":[{"embeddable":true,"href":"https:\/\/www.feuerwehr-buchschlag.de\/index.php?rest_route=%2Fwp%2Fv2%2Fcomments&post=2215"}],"version-history":[{"count":6,"href":"https:\/\/www.feuerwehr-buchschlag.de\/index.php?rest_route=\/wp\/v2\/posts\/2215\/revisions"}],"predecessor-version":[{"id":2227,"href":"https:\/\/www.feuerwehr-buchschlag.de\/index.php?rest_route=\/wp\/v2\/posts\/2215\/revisions\/2227"}],"wp:featuredmedia":[{"embeddable":true,"href":"https:\/\/www.feuerwehr-buchschlag.de\/index.php?rest_route=\/wp\/v2\/media\/2218"}],"wp:attachment":[{"href":"https:\/\/www.feuerwehr-buchschlag.de\/index.php?rest_route=%2Fwp%2Fv2%2Fmedia&parent=2215"}],"wp:term":[{"taxonomy":"category","embeddable":true,"href":"https:\/\/www.feuerwehr-buchschlag.de\/index.php?rest_route=%2Fwp%2Fv2%2Fcategories&post=2215"},{"taxonomy":"post_tag","embeddable":true,"href":"https:\/\/www.feuerwehr-buchschlag.de\/index.php?rest_route=%2Fwp%2Fv2%2Ftags&post=2215"}],"curies":[{"name":"wp","href":"https:\/\/api.w.org\/{rel}","templated":true}]}}