{"id":2294,"date":"2019-08-25T12:14:08","date_gmt":"2019-08-25T10:14:08","guid":{"rendered":"https:\/\/www.feuerwehr-buchschlag.de\/?p=2294"},"modified":"2020-03-27T15:52:35","modified_gmt":"2020-03-27T14:52:35","slug":"boa-chillout-lounge-2019","status":"publish","type":"post","link":"https:\/\/www.feuerwehr-buchschlag.de\/?p=2294","title":{"rendered":"BOA Chillout Lounge 2019"},"content":{"rendered":"\t\t<div data-elementor-type=\"wp-post\" data-elementor-id=\"2294\" class=\"elementor elementor-2294\">\n\t\t\t\t\t\t<section class=\"elementor-section elementor-top-section elementor-element elementor-element-38bbd919 elementor-section-full_width elementor-section-height-default elementor-section-height-default\" data-id=\"38bbd919\" data-element_type=\"section\" data-e-type=\"section\" data-settings=\"{&quot;background_background&quot;:&quot;classic&quot;,&quot;shape_divider_bottom&quot;:&quot;opacity-tilt&quot;}\">\n\t\t\t\t\t\t\t<div class=\"elementor-background-overlay\"><\/div>\n\t\t\t\t\t\t<div class=\"elementor-shape elementor-shape-bottom\" aria-hidden=\"true\" data-negative=\"false\">\n\t\t\t<svg xmlns=\"http:\/\/www.w3.org\/2000\/svg\" viewBox=\"0 0 2600 131.1\" preserveAspectRatio=\"none\">\n\t<path class=\"elementor-shape-fill\" d=\"M0 0L2600 0 2600 69.1 0 0z\"\/>\n\t<path class=\"elementor-shape-fill\" style=\"opacity:0.5\" d=\"M0 0L2600 0 2600 69.1 0 69.1z\"\/>\n\t<path class=\"elementor-shape-fill\" style=\"opacity:0.25\" d=\"M2600 0L0 0 0 130.1 2600 69.1z\"\/>\n<\/svg>\t\t<\/div>\n\t\t\t\t\t<div class=\"elementor-container elementor-column-gap-default\">\n\t\t\t\t\t<div class=\"elementor-column elementor-col-100 elementor-top-column elementor-element elementor-element-7fe290b7\" data-id=\"7fe290b7\" data-element_type=\"column\" data-e-type=\"column\">\n\t\t\t<div class=\"elementor-widget-wrap elementor-element-populated\">\n\t\t\t\t\t\t<div class=\"elementor-element elementor-element-456cf6a5 elementor-widget elementor-widget-heading\" data-id=\"456cf6a5\" data-element_type=\"widget\" data-e-type=\"widget\" data-widget_type=\"heading.default\">\n\t\t\t\t<div class=\"elementor-widget-container\">\n\t\t\t\t\t<h2 class=\"elementor-heading-title elementor-size-default\">BOA Chillout Lounge<\/h2>\t\t\t\t<\/div>\n\t\t\t\t<\/div>\n\t\t\t\t<div class=\"elementor-element elementor-element-74eda993 elementor-widget elementor-widget-text-editor\" data-id=\"74eda993\" data-element_type=\"widget\" data-e-type=\"widget\" data-widget_type=\"text-editor.default\">\n\t\t\t\t<div class=\"elementor-widget-container\">\n\t\t\t\t\t\t\t\t\t<p>Beachfeeling im Feuerwehrhaus<\/p>\t\t\t\t\t\t\t\t<\/div>\n\t\t\t\t<\/div>\n\t\t\t\t\t<\/div>\n\t\t<\/div>\n\t\t\t\t\t<\/div>\n\t\t<\/section>\n\t\t\t\t<section class=\"elementor-section elementor-top-section elementor-element elementor-element-76eccd3d elementor-section-boxed elementor-section-height-default elementor-section-height-default\" data-id=\"76eccd3d\" data-element_type=\"section\" data-e-type=\"section\" data-settings=\"{&quot;background_background&quot;:&quot;classic&quot;}\">\n\t\t\t\t\t\t\t<div class=\"elementor-background-overlay\"><\/div>\n\t\t\t\t\t\t\t<div class=\"elementor-container elementor-column-gap-default\">\n\t\t\t\t\t<div class=\"elementor-column elementor-col-100 elementor-top-column elementor-element elementor-element-440aa4cc\" data-id=\"440aa4cc\" data-element_type=\"column\" data-e-type=\"column\">\n\t\t\t<div class=\"elementor-widget-wrap elementor-element-populated\">\n\t\t\t\t\t\t<div class=\"elementor-element elementor-element-75f977aa elementor-widget elementor-widget-spacer\" data-id=\"75f977aa\" data-element_type=\"widget\" data-e-type=\"widget\" data-widget_type=\"spacer.default\">\n\t\t\t\t<div class=\"elementor-widget-container\">\n\t\t\t\t\t\t\t<div class=\"elementor-spacer\">\n\t\t\t<div class=\"elementor-spacer-inner\"><\/div>\n\t\t<\/div>\n\t\t\t\t\t\t<\/div>\n\t\t\t\t<\/div>\n\t\t\t\t<div class=\"elementor-element elementor-element-22893737 elementor-drop-cap-yes elementor-drop-cap-view-default elementor-widget elementor-widget-text-editor\" data-id=\"22893737\" data-element_type=\"widget\" data-e-type=\"widget\" data-settings=\"{&quot;drop_cap&quot;:&quot;yes&quot;}\" data-widget_type=\"text-editor.default\">\n\t\t\t\t<div class=\"elementor-widget-container\">\n\t\t\t\t\t\t\t\t\t<p>Auch dieses Jahr haben wir am 17. August ab 21:30 Uhr unsere <strong><span style=\"color: #ff6600;\"><a style=\"color: #ff6600;\" href=\"https:\/\/boa-festival.com\">BOA<\/a><\/span><\/strong> Summer Chillout Lounge in der Fahrzeughalle er\u00f6ffnet. Trotz Regen und Wind haben sich gen\u00fcgend feierfreudige Menschen eingefunden, um eine super Party in toller Atmosph\u00e4re zu feiern. <br \/>F\u00fcr das besondere &#8222;Beachfeeling&#8220; sorgte auch diesmal wieder als Highlight der komplett mit Sand bedeckte Hallenboden sowie unsere Cocktailbar mit einer vielf\u00e4ltigen Auswahl an erfrischenden Cocktails.<br \/>An Hinsetzen und Ausruhen dachten jedoch die wenigsten, wusste unser DJ doch genau die richtigen T\u00f6ne und Beats zu spielen, um auch den letzten Tanzmuffel zum Tanzen zu motivieren. Den n\u00f6tigen Kick f\u00fcr das Strand-Feeling lieferten die beiden Beamer, welche unter anderem verschiedene Surfer-Videos abspielten.<\/p><p>Wir hoffen ihr hat mindestens genau so viel Spa\u00df wie wir und wir freuen uns darauf mit euch auch im Jahr 2020 gemeinsam zu feiern.<\/p>\t\t\t\t\t\t\t\t<\/div>\n\t\t\t\t<\/div>\n\t\t\t\t\t<\/div>\n\t\t<\/div>\n\t\t\t\t\t<\/div>\n\t\t<\/section>\n\t\t\t\t<section class=\"elementor-section elementor-top-section elementor-element elementor-element-77b4018c elementor-section-boxed elementor-section-height-default elementor-section-height-default\" data-id=\"77b4018c\" data-element_type=\"section\" data-e-type=\"section\">\n\t\t\t\t\t\t<div class=\"elementor-container elementor-column-gap-no\">\n\t\t\t\t\t<div class=\"elementor-column elementor-col-100 elementor-top-column elementor-element elementor-element-7f6aaa94\" data-id=\"7f6aaa94\" data-element_type=\"column\" data-e-type=\"column\">\n\t\t\t<div class=\"elementor-widget-wrap elementor-element-populated\">\n\t\t\t\t\t\t<div class=\"elementor-element elementor-element-482c0b elementor-arrows-position-inside elementor-pagination-position-outside elementor-widget elementor-widget-image-carousel\" data-id=\"482c0b\" data-element_type=\"widget\" data-e-type=\"widget\" data-settings=\"{&quot;slides_to_show&quot;:&quot;1&quot;,&quot;navigation&quot;:&quot;both&quot;,&quot;autoplay&quot;:&quot;yes&quot;,&quot;pause_on_hover&quot;:&quot;yes&quot;,&quot;pause_on_interaction&quot;:&quot;yes&quot;,&quot;autoplay_speed&quot;:5000,&quot;infinite&quot;:&quot;yes&quot;,&quot;effect&quot;:&quot;slide&quot;,&quot;speed&quot;:500}\" data-widget_type=\"image-carousel.default\">\n\t\t\t\t<div class=\"elementor-widget-container\">\n\t\t\t\t\t\t\t<div class=\"elementor-image-carousel-wrapper swiper\" role=\"region\" aria-roledescription=\"carousel\" aria-label=\"Bild Karussell\" dir=\"ltr\">\n\t\t\t<div class=\"elementor-image-carousel swiper-wrapper\" aria-live=\"off\">\n\t\t\t\t\t\t\t\t<div class=\"swiper-slide\" role=\"group\" aria-roledescription=\"slide\" aria-label=\"1 von 28\"><figure class=\"swiper-slide-inner\"><img decoding=\"async\" class=\"swiper-slide-image\" src=\"https:\/\/www.feuerwehr-buchschlag.de\/wp-content\/uploads\/2019\/08\/P8180336-768x576.jpg\" alt=\"Buchschlag Open Air 2019\" \/><\/figure><\/div><div class=\"swiper-slide\" role=\"group\" aria-roledescription=\"slide\" aria-label=\"2 von 28\"><figure class=\"swiper-slide-inner\"><img decoding=\"async\" class=\"swiper-slide-image\" src=\"https:\/\/www.feuerwehr-buchschlag.de\/wp-content\/uploads\/2019\/08\/P8180318-768x576.jpg\" alt=\"Buchschlag Open Air 2019\" \/><\/figure><\/div><div class=\"swiper-slide\" role=\"group\" aria-roledescription=\"slide\" aria-label=\"3 von 28\"><figure class=\"swiper-slide-inner\"><img decoding=\"async\" class=\"swiper-slide-image\" src=\"https:\/\/www.feuerwehr-buchschlag.de\/wp-content\/uploads\/2019\/08\/P8180313-768x576.jpg\" alt=\"Buchschlag Open Air 2019\" \/><\/figure><\/div><div class=\"swiper-slide\" role=\"group\" aria-roledescription=\"slide\" aria-label=\"4 von 28\"><figure class=\"swiper-slide-inner\"><img decoding=\"async\" class=\"swiper-slide-image\" src=\"https:\/\/www.feuerwehr-buchschlag.de\/wp-content\/uploads\/2019\/08\/P8180299-768x576.jpg\" alt=\"Buchschlag Open Air 2019\" \/><\/figure><\/div><div class=\"swiper-slide\" role=\"group\" aria-roledescription=\"slide\" aria-label=\"5 von 28\"><figure class=\"swiper-slide-inner\"><img decoding=\"async\" class=\"swiper-slide-image\" src=\"https:\/\/www.feuerwehr-buchschlag.de\/wp-content\/uploads\/2019\/08\/P8180291-768x576.jpg\" alt=\"Buchschlag Open Air 2019\" \/><\/figure><\/div><div class=\"swiper-slide\" role=\"group\" aria-roledescription=\"slide\" aria-label=\"6 von 28\"><figure class=\"swiper-slide-inner\"><img decoding=\"async\" class=\"swiper-slide-image\" src=\"https:\/\/www.feuerwehr-buchschlag.de\/wp-content\/uploads\/2019\/08\/P8180274-768x576.jpg\" alt=\"Buchschlag Open Air 2019\" \/><\/figure><\/div><div class=\"swiper-slide\" role=\"group\" aria-roledescription=\"slide\" aria-label=\"7 von 28\"><figure class=\"swiper-slide-inner\"><img decoding=\"async\" class=\"swiper-slide-image\" src=\"https:\/\/www.feuerwehr-buchschlag.de\/wp-content\/uploads\/2019\/08\/P8180287-768x576.jpg\" alt=\"Buchschlag Open Air 2019\" \/><\/figure><\/div><div class=\"swiper-slide\" role=\"group\" aria-roledescription=\"slide\" aria-label=\"8 von 28\"><figure class=\"swiper-slide-inner\"><img decoding=\"async\" class=\"swiper-slide-image\" src=\"https:\/\/www.feuerwehr-buchschlag.de\/wp-content\/uploads\/2019\/08\/P8180270-768x576.jpg\" alt=\"Buchschlag Open Air 2019\" \/><\/figure><\/div><div class=\"swiper-slide\" role=\"group\" aria-roledescription=\"slide\" aria-label=\"9 von 28\"><figure class=\"swiper-slide-inner\"><img decoding=\"async\" class=\"swiper-slide-image\" src=\"https:\/\/www.feuerwehr-buchschlag.de\/wp-content\/uploads\/2019\/08\/P8180265-768x576.jpg\" alt=\"Buchschlag Open Air 2019\" \/><\/figure><\/div><div class=\"swiper-slide\" role=\"group\" aria-roledescription=\"slide\" aria-label=\"10 von 28\"><figure class=\"swiper-slide-inner\"><img decoding=\"async\" class=\"swiper-slide-image\" src=\"https:\/\/www.feuerwehr-buchschlag.de\/wp-content\/uploads\/2019\/08\/P8180261-768x576.jpg\" alt=\"Buchschlag Open Air 2019\" \/><\/figure><\/div><div class=\"swiper-slide\" role=\"group\" aria-roledescription=\"slide\" aria-label=\"11 von 28\"><figure class=\"swiper-slide-inner\"><img decoding=\"async\" class=\"swiper-slide-image\" src=\"https:\/\/www.feuerwehr-buchschlag.de\/wp-content\/uploads\/2019\/08\/P8180249-768x576.jpg\" alt=\"Buchschlag Open Air 2019\" \/><\/figure><\/div><div class=\"swiper-slide\" role=\"group\" aria-roledescription=\"slide\" aria-label=\"12 von 28\"><figure class=\"swiper-slide-inner\"><img decoding=\"async\" class=\"swiper-slide-image\" src=\"https:\/\/www.feuerwehr-buchschlag.de\/wp-content\/uploads\/2019\/08\/P8170206-768x576.jpg\" alt=\"Buchschlag Open Air 2019\" \/><\/figure><\/div><div class=\"swiper-slide\" role=\"group\" aria-roledescription=\"slide\" aria-label=\"13 von 28\"><figure class=\"swiper-slide-inner\"><img decoding=\"async\" class=\"swiper-slide-image\" src=\"https:\/\/www.feuerwehr-buchschlag.de\/wp-content\/uploads\/2019\/08\/P8180230-768x576.jpg\" alt=\"Buchschlag Open Air 2019\" \/><\/figure><\/div><div class=\"swiper-slide\" role=\"group\" aria-roledescription=\"slide\" aria-label=\"14 von 28\"><figure class=\"swiper-slide-inner\"><img decoding=\"async\" class=\"swiper-slide-image\" src=\"https:\/\/www.feuerwehr-buchschlag.de\/wp-content\/uploads\/2019\/08\/P8170136-768x576.jpg\" alt=\"Buchschlag Open Air 2019\" \/><\/figure><\/div><div class=\"swiper-slide\" role=\"group\" aria-roledescription=\"slide\" aria-label=\"15 von 28\"><figure class=\"swiper-slide-inner\"><img decoding=\"async\" class=\"swiper-slide-image\" src=\"https:\/\/www.feuerwehr-buchschlag.de\/wp-content\/uploads\/2019\/08\/P8170144-768x576.jpg\" alt=\"Buchschlag Open Air 2019\" \/><\/figure><\/div><div class=\"swiper-slide\" role=\"group\" aria-roledescription=\"slide\" aria-label=\"16 von 28\"><figure class=\"swiper-slide-inner\"><img decoding=\"async\" class=\"swiper-slide-image\" src=\"https:\/\/www.feuerwehr-buchschlag.de\/wp-content\/uploads\/2019\/08\/P8170044-768x576.jpg\" alt=\"Buchschlag Open Air 2019\" \/><\/figure><\/div><div class=\"swiper-slide\" role=\"group\" aria-roledescription=\"slide\" aria-label=\"17 von 28\"><figure class=\"swiper-slide-inner\"><img decoding=\"async\" class=\"swiper-slide-image\" src=\"https:\/\/www.feuerwehr-buchschlag.de\/wp-content\/uploads\/2019\/08\/P8170086-768x576.jpg\" alt=\"Buchschlag Open Air 2019\" \/><\/figure><\/div><div class=\"swiper-slide\" role=\"group\" aria-roledescription=\"slide\" aria-label=\"18 von 28\"><figure class=\"swiper-slide-inner\"><img decoding=\"async\" class=\"swiper-slide-image\" src=\"https:\/\/www.feuerwehr-buchschlag.de\/wp-content\/uploads\/2019\/08\/P8170048-768x576.jpg\" alt=\"Buchschlag Open Air 2019\" \/><\/figure><\/div><div class=\"swiper-slide\" role=\"group\" aria-roledescription=\"slide\" aria-label=\"19 von 28\"><figure class=\"swiper-slide-inner\"><img decoding=\"async\" class=\"swiper-slide-image\" src=\"https:\/\/www.feuerwehr-buchschlag.de\/wp-content\/uploads\/2019\/08\/P8170028-768x576.jpg\" alt=\"Buchschlag Open Air 2019\" \/><\/figure><\/div><div class=\"swiper-slide\" role=\"group\" aria-roledescription=\"slide\" aria-label=\"20 von 28\"><figure class=\"swiper-slide-inner\"><img decoding=\"async\" class=\"swiper-slide-image\" src=\"https:\/\/www.feuerwehr-buchschlag.de\/wp-content\/uploads\/2019\/08\/P8170091-768x576.jpg\" alt=\"Buchschlag Open Air 2019\" \/><\/figure><\/div><div class=\"swiper-slide\" role=\"group\" aria-roledescription=\"slide\" aria-label=\"21 von 28\"><figure class=\"swiper-slide-inner\"><img decoding=\"async\" class=\"swiper-slide-image\" src=\"https:\/\/www.feuerwehr-buchschlag.de\/wp-content\/uploads\/2019\/08\/P8170072-768x576.jpg\" alt=\"Buchschlag Open Air 2019\" \/><\/figure><\/div><div class=\"swiper-slide\" role=\"group\" aria-roledescription=\"slide\" aria-label=\"22 von 28\"><figure class=\"swiper-slide-inner\"><img decoding=\"async\" class=\"swiper-slide-image\" src=\"https:\/\/www.feuerwehr-buchschlag.de\/wp-content\/uploads\/2019\/08\/P8170094-768x576.jpg\" alt=\"Buchschlag Open Air 2019\" \/><\/figure><\/div><div class=\"swiper-slide\" role=\"group\" aria-roledescription=\"slide\" aria-label=\"23 von 28\"><figure class=\"swiper-slide-inner\"><img decoding=\"async\" class=\"swiper-slide-image\" src=\"https:\/\/www.feuerwehr-buchschlag.de\/wp-content\/uploads\/2019\/08\/P8170111-768x576.jpg\" alt=\"Buchschlag Open Air 2019\" \/><\/figure><\/div><div class=\"swiper-slide\" role=\"group\" aria-roledescription=\"slide\" aria-label=\"24 von 28\"><figure class=\"swiper-slide-inner\"><img decoding=\"async\" class=\"swiper-slide-image\" src=\"https:\/\/www.feuerwehr-buchschlag.de\/wp-content\/uploads\/2019\/08\/P8170123-768x576.jpg\" alt=\"Buchschlag Open Air 2019\" \/><\/figure><\/div><div class=\"swiper-slide\" role=\"group\" aria-roledescription=\"slide\" aria-label=\"25 von 28\"><figure class=\"swiper-slide-inner\"><img decoding=\"async\" class=\"swiper-slide-image\" src=\"https:\/\/www.feuerwehr-buchschlag.de\/wp-content\/uploads\/2019\/08\/P8170194-768x576.jpg\" alt=\"Buchschlag Open Air 2019\" \/><\/figure><\/div><div class=\"swiper-slide\" role=\"group\" aria-roledescription=\"slide\" aria-label=\"26 von 28\"><figure class=\"swiper-slide-inner\"><img decoding=\"async\" class=\"swiper-slide-image\" src=\"https:\/\/www.feuerwehr-buchschlag.de\/wp-content\/uploads\/2019\/08\/P8170183-768x576.jpg\" alt=\"Buchschlag Open Air 2019\" \/><\/figure><\/div><div class=\"swiper-slide\" role=\"group\" aria-roledescription=\"slide\" aria-label=\"27 von 28\"><figure class=\"swiper-slide-inner\"><img decoding=\"async\" class=\"swiper-slide-image\" src=\"https:\/\/www.feuerwehr-buchschlag.de\/wp-content\/uploads\/2019\/08\/P8170160-768x576.jpg\" alt=\"Buchschlag Open Air 2019\" \/><\/figure><\/div><div class=\"swiper-slide\" role=\"group\" aria-roledescription=\"slide\" aria-label=\"28 von 28\"><figure class=\"swiper-slide-inner\"><img decoding=\"async\" class=\"swiper-slide-image\" src=\"https:\/\/www.feuerwehr-buchschlag.de\/wp-content\/uploads\/2019\/08\/P8170096-768x576.jpg\" alt=\"Buchschlag Open Air 2019\" \/><\/figure><\/div>\t\t\t<\/div>\n\t\t\t\t\t\t\t\t\t\t\t\t<div class=\"elementor-swiper-button elementor-swiper-button-prev\" role=\"button\" tabindex=\"0\">\n\t\t\t\t\t\t<i aria-hidden=\"true\" class=\"eicon-chevron-left\"><\/i>\t\t\t\t\t<\/div>\n\t\t\t\t\t<div class=\"elementor-swiper-button elementor-swiper-button-next\" role=\"button\" tabindex=\"0\">\n\t\t\t\t\t\t<i aria-hidden=\"true\" class=\"eicon-chevron-right\"><\/i>\t\t\t\t\t<\/div>\n\t\t\t\t\n\t\t\t\t\t\t\t\t\t<div class=\"swiper-pagination\"><\/div>\n\t\t\t\t\t\t\t\t\t<\/div>\n\t\t\t\t\t\t<\/div>\n\t\t\t\t<\/div>\n\t\t\t\t\t<\/div>\n\t\t<\/div>\n\t\t\t\t\t<\/div>\n\t\t<\/section>\n\t\t\t\t<section class=\"elementor-section elementor-top-section elementor-element elementor-element-2123b4c4 elementor-hidden-phone elementor-section-boxed elementor-section-height-default elementor-section-height-default\" data-id=\"2123b4c4\" data-element_type=\"section\" data-e-type=\"section\">\n\t\t\t\t\t\t<div class=\"elementor-container elementor-column-gap-default\">\n\t\t\t\t\t<div class=\"elementor-column elementor-col-100 elementor-top-column elementor-element elementor-element-3149e454\" data-id=\"3149e454\" data-element_type=\"column\" data-e-type=\"column\">\n\t\t\t<div class=\"elementor-widget-wrap elementor-element-populated\">\n\t\t\t\t\t\t<div class=\"elementor-element elementor-element-67b61a6e gallery-spacing-custom elementor-widget elementor-widget-image-gallery\" data-id=\"67b61a6e\" data-element_type=\"widget\" data-e-type=\"widget\" data-widget_type=\"image-gallery.default\">\n\t\t\t\t<div class=\"elementor-widget-container\">\n\t\t\t\t\t\t\t<div class=\"elementor-image-gallery\">\n\t\t\t<div id='gallery-1' class='gallery galleryid-2294 gallery-columns-4 gallery-size-thumbnail'><figure class='gallery-item'>\n\t\t\t<div class='gallery-icon landscape'>\n\t\t\t\t<a data-elementor-open-lightbox=\"yes\" data-elementor-lightbox-slideshow=\"67b61a6e\" data-elementor-lightbox-title=\"Buchschlag Open Air 2019\" data-e-action-hash=\"#elementor-action%3Aaction%3Dlightbox%26settings%3DeyJpZCI6MjM2NywidXJsIjoiaHR0cHM6XC9cL3d3dy5mZXVlcndlaHItYnVjaHNjaGxhZy5kZVwvd3AtY29udGVudFwvdXBsb2Fkc1wvMjAxOVwvMDhcL1A4MTgwMzM2LmpwZyIsInNsaWRlc2hvdyI6IjY3YjYxYTZlIn0%3D\" href='https:\/\/www.feuerwehr-buchschlag.de\/wp-content\/uploads\/2019\/08\/P8180336.jpg'><img decoding=\"async\" width=\"150\" height=\"150\" src=\"https:\/\/www.feuerwehr-buchschlag.de\/wp-content\/uploads\/2019\/08\/P8180336-150x150.jpg\" class=\"attachment-thumbnail size-thumbnail\" alt=\"\" aria-describedby=\"gallery-1-2367\" \/><\/a>\n\t\t\t<\/div>\n\t\t\t\t<figcaption class='wp-caption-text gallery-caption' id='gallery-1-2367'>\n\t\t\t\tBuchschlag Open Air 2019\n\t\t\t\t<\/figcaption><\/figure><figure class='gallery-item'>\n\t\t\t<div class='gallery-icon landscape'>\n\t\t\t\t<a data-elementor-open-lightbox=\"yes\" data-elementor-lightbox-slideshow=\"67b61a6e\" data-elementor-lightbox-title=\"Buchschlag Open Air 2019\" data-e-action-hash=\"#elementor-action%3Aaction%3Dlightbox%26settings%3DeyJpZCI6MjM2NiwidXJsIjoiaHR0cHM6XC9cL3d3dy5mZXVlcndlaHItYnVjaHNjaGxhZy5kZVwvd3AtY29udGVudFwvdXBsb2Fkc1wvMjAxOVwvMDhcL1A4MTgwMzE4LmpwZyIsInNsaWRlc2hvdyI6IjY3YjYxYTZlIn0%3D\" href='https:\/\/www.feuerwehr-buchschlag.de\/wp-content\/uploads\/2019\/08\/P8180318.jpg'><img decoding=\"async\" width=\"150\" height=\"150\" src=\"https:\/\/www.feuerwehr-buchschlag.de\/wp-content\/uploads\/2019\/08\/P8180318-150x150.jpg\" class=\"attachment-thumbnail size-thumbnail\" alt=\"\" aria-describedby=\"gallery-1-2366\" \/><\/a>\n\t\t\t<\/div>\n\t\t\t\t<figcaption class='wp-caption-text gallery-caption' id='gallery-1-2366'>\n\t\t\t\tBuchschlag Open Air 2019\n\t\t\t\t<\/figcaption><\/figure><figure class='gallery-item'>\n\t\t\t<div class='gallery-icon landscape'>\n\t\t\t\t<a data-elementor-open-lightbox=\"yes\" data-elementor-lightbox-slideshow=\"67b61a6e\" data-elementor-lightbox-title=\"Buchschlag Open Air 2019\" data-e-action-hash=\"#elementor-action%3Aaction%3Dlightbox%26settings%3DeyJpZCI6MjM2NSwidXJsIjoiaHR0cHM6XC9cL3d3dy5mZXVlcndlaHItYnVjaHNjaGxhZy5kZVwvd3AtY29udGVudFwvdXBsb2Fkc1wvMjAxOVwvMDhcL1A4MTgwMzEzLmpwZyIsInNsaWRlc2hvdyI6IjY3YjYxYTZlIn0%3D\" href='https:\/\/www.feuerwehr-buchschlag.de\/wp-content\/uploads\/2019\/08\/P8180313.jpg'><img decoding=\"async\" width=\"150\" height=\"150\" src=\"https:\/\/www.feuerwehr-buchschlag.de\/wp-content\/uploads\/2019\/08\/P8180313-150x150.jpg\" class=\"attachment-thumbnail size-thumbnail\" alt=\"\" aria-describedby=\"gallery-1-2365\" \/><\/a>\n\t\t\t<\/div>\n\t\t\t\t<figcaption class='wp-caption-text gallery-caption' id='gallery-1-2365'>\n\t\t\t\tBuchschlag Open Air 2019\n\t\t\t\t<\/figcaption><\/figure><figure class='gallery-item'>\n\t\t\t<div class='gallery-icon landscape'>\n\t\t\t\t<a data-elementor-open-lightbox=\"yes\" data-elementor-lightbox-slideshow=\"67b61a6e\" data-elementor-lightbox-title=\"Buchschlag Open Air 2019\" data-e-action-hash=\"#elementor-action%3Aaction%3Dlightbox%26settings%3DeyJpZCI6MjM2NCwidXJsIjoiaHR0cHM6XC9cL3d3dy5mZXVlcndlaHItYnVjaHNjaGxhZy5kZVwvd3AtY29udGVudFwvdXBsb2Fkc1wvMjAxOVwvMDhcL1A4MTgwMjk5LmpwZyIsInNsaWRlc2hvdyI6IjY3YjYxYTZlIn0%3D\" href='https:\/\/www.feuerwehr-buchschlag.de\/wp-content\/uploads\/2019\/08\/P8180299.jpg'><img loading=\"lazy\" decoding=\"async\" width=\"150\" height=\"150\" src=\"https:\/\/www.feuerwehr-buchschlag.de\/wp-content\/uploads\/2019\/08\/P8180299-150x150.jpg\" class=\"attachment-thumbnail size-thumbnail\" alt=\"\" aria-describedby=\"gallery-1-2364\" \/><\/a>\n\t\t\t<\/div>\n\t\t\t\t<figcaption class='wp-caption-text gallery-caption' id='gallery-1-2364'>\n\t\t\t\tBuchschlag Open Air 2019\n\t\t\t\t<\/figcaption><\/figure><figure class='gallery-item'>\n\t\t\t<div class='gallery-icon landscape'>\n\t\t\t\t<a data-elementor-open-lightbox=\"yes\" data-elementor-lightbox-slideshow=\"67b61a6e\" data-elementor-lightbox-title=\"Buchschlag Open Air 2019\" data-e-action-hash=\"#elementor-action%3Aaction%3Dlightbox%26settings%3DeyJpZCI6MjM2MywidXJsIjoiaHR0cHM6XC9cL3d3dy5mZXVlcndlaHItYnVjaHNjaGxhZy5kZVwvd3AtY29udGVudFwvdXBsb2Fkc1wvMjAxOVwvMDhcL1A4MTgwMjkxLmpwZyIsInNsaWRlc2hvdyI6IjY3YjYxYTZlIn0%3D\" href='https:\/\/www.feuerwehr-buchschlag.de\/wp-content\/uploads\/2019\/08\/P8180291.jpg'><img loading=\"lazy\" decoding=\"async\" width=\"150\" height=\"150\" src=\"https:\/\/www.feuerwehr-buchschlag.de\/wp-content\/uploads\/2019\/08\/P8180291-150x150.jpg\" class=\"attachment-thumbnail size-thumbnail\" alt=\"\" aria-describedby=\"gallery-1-2363\" \/><\/a>\n\t\t\t<\/div>\n\t\t\t\t<figcaption class='wp-caption-text gallery-caption' id='gallery-1-2363'>\n\t\t\t\tBuchschlag Open Air 2019\n\t\t\t\t<\/figcaption><\/figure><figure class='gallery-item'>\n\t\t\t<div class='gallery-icon landscape'>\n\t\t\t\t<a data-elementor-open-lightbox=\"yes\" data-elementor-lightbox-slideshow=\"67b61a6e\" data-elementor-lightbox-title=\"Buchschlag Open Air 2019\" data-e-action-hash=\"#elementor-action%3Aaction%3Dlightbox%26settings%3DeyJpZCI6MjM2MSwidXJsIjoiaHR0cHM6XC9cL3d3dy5mZXVlcndlaHItYnVjaHNjaGxhZy5kZVwvd3AtY29udGVudFwvdXBsb2Fkc1wvMjAxOVwvMDhcL1A4MTgwMjc0LmpwZyIsInNsaWRlc2hvdyI6IjY3YjYxYTZlIn0%3D\" href='https:\/\/www.feuerwehr-buchschlag.de\/wp-content\/uploads\/2019\/08\/P8180274.jpg'><img loading=\"lazy\" decoding=\"async\" width=\"150\" height=\"150\" src=\"https:\/\/www.feuerwehr-buchschlag.de\/wp-content\/uploads\/2019\/08\/P8180274-150x150.jpg\" class=\"attachment-thumbnail size-thumbnail\" alt=\"\" aria-describedby=\"gallery-1-2361\" \/><\/a>\n\t\t\t<\/div>\n\t\t\t\t<figcaption class='wp-caption-text gallery-caption' id='gallery-1-2361'>\n\t\t\t\tBuchschlag Open Air 2019\n\t\t\t\t<\/figcaption><\/figure><figure class='gallery-item'>\n\t\t\t<div class='gallery-icon landscape'>\n\t\t\t\t<a data-elementor-open-lightbox=\"yes\" data-elementor-lightbox-slideshow=\"67b61a6e\" data-elementor-lightbox-title=\"Buchschlag Open Air 2019\" data-e-action-hash=\"#elementor-action%3Aaction%3Dlightbox%26settings%3DeyJpZCI6MjM2MiwidXJsIjoiaHR0cHM6XC9cL3d3dy5mZXVlcndlaHItYnVjaHNjaGxhZy5kZVwvd3AtY29udGVudFwvdXBsb2Fkc1wvMjAxOVwvMDhcL1A4MTgwMjg3LmpwZyIsInNsaWRlc2hvdyI6IjY3YjYxYTZlIn0%3D\" href='https:\/\/www.feuerwehr-buchschlag.de\/wp-content\/uploads\/2019\/08\/P8180287.jpg'><img loading=\"lazy\" decoding=\"async\" width=\"150\" height=\"150\" src=\"https:\/\/www.feuerwehr-buchschlag.de\/wp-content\/uploads\/2019\/08\/P8180287-150x150.jpg\" class=\"attachment-thumbnail size-thumbnail\" alt=\"\" aria-describedby=\"gallery-1-2362\" \/><\/a>\n\t\t\t<\/div>\n\t\t\t\t<figcaption class='wp-caption-text gallery-caption' id='gallery-1-2362'>\n\t\t\t\tBuchschlag Open Air 2019\n\t\t\t\t<\/figcaption><\/figure><figure class='gallery-item'>\n\t\t\t<div class='gallery-icon landscape'>\n\t\t\t\t<a data-elementor-open-lightbox=\"yes\" data-elementor-lightbox-slideshow=\"67b61a6e\" data-elementor-lightbox-title=\"Buchschlag Open Air 2019\" data-e-action-hash=\"#elementor-action%3Aaction%3Dlightbox%26settings%3DeyJpZCI6MjM2MCwidXJsIjoiaHR0cHM6XC9cL3d3dy5mZXVlcndlaHItYnVjaHNjaGxhZy5kZVwvd3AtY29udGVudFwvdXBsb2Fkc1wvMjAxOVwvMDhcL1A4MTgwMjcwLmpwZyIsInNsaWRlc2hvdyI6IjY3YjYxYTZlIn0%3D\" href='https:\/\/www.feuerwehr-buchschlag.de\/wp-content\/uploads\/2019\/08\/P8180270.jpg'><img loading=\"lazy\" decoding=\"async\" width=\"150\" height=\"150\" src=\"https:\/\/www.feuerwehr-buchschlag.de\/wp-content\/uploads\/2019\/08\/P8180270-150x150.jpg\" class=\"attachment-thumbnail size-thumbnail\" alt=\"\" aria-describedby=\"gallery-1-2360\" \/><\/a>\n\t\t\t<\/div>\n\t\t\t\t<figcaption class='wp-caption-text gallery-caption' id='gallery-1-2360'>\n\t\t\t\tBuchschlag Open Air 2019\n\t\t\t\t<\/figcaption><\/figure><figure class='gallery-item'>\n\t\t\t<div class='gallery-icon landscape'>\n\t\t\t\t<a data-elementor-open-lightbox=\"yes\" data-elementor-lightbox-slideshow=\"67b61a6e\" data-elementor-lightbox-title=\"Buchschlag Open Air 2019\" data-e-action-hash=\"#elementor-action%3Aaction%3Dlightbox%26settings%3DeyJpZCI6MjM1OSwidXJsIjoiaHR0cHM6XC9cL3d3dy5mZXVlcndlaHItYnVjaHNjaGxhZy5kZVwvd3AtY29udGVudFwvdXBsb2Fkc1wvMjAxOVwvMDhcL1A4MTgwMjY1LmpwZyIsInNsaWRlc2hvdyI6IjY3YjYxYTZlIn0%3D\" href='https:\/\/www.feuerwehr-buchschlag.de\/wp-content\/uploads\/2019\/08\/P8180265.jpg'><img loading=\"lazy\" decoding=\"async\" width=\"150\" height=\"150\" src=\"https:\/\/www.feuerwehr-buchschlag.de\/wp-content\/uploads\/2019\/08\/P8180265-150x150.jpg\" class=\"attachment-thumbnail size-thumbnail\" alt=\"\" aria-describedby=\"gallery-1-2359\" \/><\/a>\n\t\t\t<\/div>\n\t\t\t\t<figcaption class='wp-caption-text gallery-caption' id='gallery-1-2359'>\n\t\t\t\tBuchschlag Open Air 2019\n\t\t\t\t<\/figcaption><\/figure><figure class='gallery-item'>\n\t\t\t<div class='gallery-icon landscape'>\n\t\t\t\t<a data-elementor-open-lightbox=\"yes\" data-elementor-lightbox-slideshow=\"67b61a6e\" data-elementor-lightbox-title=\"Buchschlag Open Air 2019\" data-e-action-hash=\"#elementor-action%3Aaction%3Dlightbox%26settings%3DeyJpZCI6MjM1OCwidXJsIjoiaHR0cHM6XC9cL3d3dy5mZXVlcndlaHItYnVjaHNjaGxhZy5kZVwvd3AtY29udGVudFwvdXBsb2Fkc1wvMjAxOVwvMDhcL1A4MTgwMjYxLmpwZyIsInNsaWRlc2hvdyI6IjY3YjYxYTZlIn0%3D\" href='https:\/\/www.feuerwehr-buchschlag.de\/wp-content\/uploads\/2019\/08\/P8180261.jpg'><img loading=\"lazy\" decoding=\"async\" width=\"150\" height=\"150\" src=\"https:\/\/www.feuerwehr-buchschlag.de\/wp-content\/uploads\/2019\/08\/P8180261-150x150.jpg\" class=\"attachment-thumbnail size-thumbnail\" alt=\"\" aria-describedby=\"gallery-1-2358\" \/><\/a>\n\t\t\t<\/div>\n\t\t\t\t<figcaption class='wp-caption-text gallery-caption' id='gallery-1-2358'>\n\t\t\t\tBuchschlag Open Air 2019\n\t\t\t\t<\/figcaption><\/figure><figure class='gallery-item'>\n\t\t\t<div class='gallery-icon landscape'>\n\t\t\t\t<a data-elementor-open-lightbox=\"yes\" data-elementor-lightbox-slideshow=\"67b61a6e\" data-elementor-lightbox-title=\"Buchschlag Open Air 2019\" data-e-action-hash=\"#elementor-action%3Aaction%3Dlightbox%26settings%3DeyJpZCI6MjM1NCwidXJsIjoiaHR0cHM6XC9cL3d3dy5mZXVlcndlaHItYnVjaHNjaGxhZy5kZVwvd3AtY29udGVudFwvdXBsb2Fkc1wvMjAxOVwvMDhcL1A4MTgwMjQ5LmpwZyIsInNsaWRlc2hvdyI6IjY3YjYxYTZlIn0%3D\" href='https:\/\/www.feuerwehr-buchschlag.de\/wp-content\/uploads\/2019\/08\/P8180249.jpg'><img loading=\"lazy\" decoding=\"async\" width=\"150\" height=\"150\" src=\"https:\/\/www.feuerwehr-buchschlag.de\/wp-content\/uploads\/2019\/08\/P8180249-150x150.jpg\" class=\"attachment-thumbnail size-thumbnail\" alt=\"\" aria-describedby=\"gallery-1-2354\" \/><\/a>\n\t\t\t<\/div>\n\t\t\t\t<figcaption class='wp-caption-text gallery-caption' id='gallery-1-2354'>\n\t\t\t\tBuchschlag Open Air 2019\n\t\t\t\t<\/figcaption><\/figure><figure class='gallery-item'>\n\t\t\t<div class='gallery-icon landscape'>\n\t\t\t\t<a data-elementor-open-lightbox=\"yes\" data-elementor-lightbox-slideshow=\"67b61a6e\" data-elementor-lightbox-title=\"Buchschlag Open Air 2019\" data-e-action-hash=\"#elementor-action%3Aaction%3Dlightbox%26settings%3DeyJpZCI6MjM1MSwidXJsIjoiaHR0cHM6XC9cL3d3dy5mZXVlcndlaHItYnVjaHNjaGxhZy5kZVwvd3AtY29udGVudFwvdXBsb2Fkc1wvMjAxOVwvMDhcL1A4MTgwMjMwLmpwZyIsInNsaWRlc2hvdyI6IjY3YjYxYTZlIn0%3D\" href='https:\/\/www.feuerwehr-buchschlag.de\/wp-content\/uploads\/2019\/08\/P8180230.jpg'><img loading=\"lazy\" decoding=\"async\" width=\"150\" height=\"150\" src=\"https:\/\/www.feuerwehr-buchschlag.de\/wp-content\/uploads\/2019\/08\/P8180230-150x150.jpg\" class=\"attachment-thumbnail size-thumbnail\" alt=\"\" aria-describedby=\"gallery-1-2351\" \/><\/a>\n\t\t\t<\/div>\n\t\t\t\t<figcaption class='wp-caption-text gallery-caption' id='gallery-1-2351'>\n\t\t\t\tBuchschlag Open Air 2019\n\t\t\t\t<\/figcaption><\/figure><figure class='gallery-item'>\n\t\t\t<div class='gallery-icon landscape'>\n\t\t\t\t<a data-elementor-open-lightbox=\"yes\" data-elementor-lightbox-slideshow=\"67b61a6e\" data-elementor-lightbox-title=\"Buchschlag Open Air 2019\" data-e-action-hash=\"#elementor-action%3Aaction%3Dlightbox%26settings%3DeyJpZCI6MjM0OSwidXJsIjoiaHR0cHM6XC9cL3d3dy5mZXVlcndlaHItYnVjaHNjaGxhZy5kZVwvd3AtY29udGVudFwvdXBsb2Fkc1wvMjAxOVwvMDhcL1A4MTcwMjA2LmpwZyIsInNsaWRlc2hvdyI6IjY3YjYxYTZlIn0%3D\" href='https:\/\/www.feuerwehr-buchschlag.de\/wp-content\/uploads\/2019\/08\/P8170206.jpg'><img loading=\"lazy\" decoding=\"async\" width=\"150\" height=\"150\" src=\"https:\/\/www.feuerwehr-buchschlag.de\/wp-content\/uploads\/2019\/08\/P8170206-150x150.jpg\" class=\"attachment-thumbnail size-thumbnail\" alt=\"\" aria-describedby=\"gallery-1-2349\" \/><\/a>\n\t\t\t<\/div>\n\t\t\t\t<figcaption class='wp-caption-text gallery-caption' id='gallery-1-2349'>\n\t\t\t\tBuchschlag Open Air 2019\n\t\t\t\t<\/figcaption><\/figure><figure class='gallery-item'>\n\t\t\t<div class='gallery-icon landscape'>\n\t\t\t\t<a data-elementor-open-lightbox=\"yes\" data-elementor-lightbox-slideshow=\"67b61a6e\" data-elementor-lightbox-title=\"Buchschlag Open Air 2019\" data-e-action-hash=\"#elementor-action%3Aaction%3Dlightbox%26settings%3DeyJpZCI6MjM0NywidXJsIjoiaHR0cHM6XC9cL3d3dy5mZXVlcndlaHItYnVjaHNjaGxhZy5kZVwvd3AtY29udGVudFwvdXBsb2Fkc1wvMjAxOVwvMDhcL1A4MTcwMTgzLmpwZyIsInNsaWRlc2hvdyI6IjY3YjYxYTZlIn0%3D\" href='https:\/\/www.feuerwehr-buchschlag.de\/wp-content\/uploads\/2019\/08\/P8170183.jpg'><img loading=\"lazy\" decoding=\"async\" width=\"150\" height=\"150\" src=\"https:\/\/www.feuerwehr-buchschlag.de\/wp-content\/uploads\/2019\/08\/P8170183-150x150.jpg\" class=\"attachment-thumbnail size-thumbnail\" alt=\"\" aria-describedby=\"gallery-1-2347\" \/><\/a>\n\t\t\t<\/div>\n\t\t\t\t<figcaption class='wp-caption-text gallery-caption' id='gallery-1-2347'>\n\t\t\t\tBuchschlag Open Air 2019\n\t\t\t\t<\/figcaption><\/figure><figure class='gallery-item'>\n\t\t\t<div class='gallery-icon landscape'>\n\t\t\t\t<a data-elementor-open-lightbox=\"yes\" data-elementor-lightbox-slideshow=\"67b61a6e\" data-elementor-lightbox-title=\"Buchschlag Open Air 2019\" data-e-action-hash=\"#elementor-action%3Aaction%3Dlightbox%26settings%3DeyJpZCI6MjM0OCwidXJsIjoiaHR0cHM6XC9cL3d3dy5mZXVlcndlaHItYnVjaHNjaGxhZy5kZVwvd3AtY29udGVudFwvdXBsb2Fkc1wvMjAxOVwvMDhcL1A4MTcwMTk0LmpwZyIsInNsaWRlc2hvdyI6IjY3YjYxYTZlIn0%3D\" href='https:\/\/www.feuerwehr-buchschlag.de\/wp-content\/uploads\/2019\/08\/P8170194.jpg'><img loading=\"lazy\" decoding=\"async\" width=\"150\" height=\"150\" src=\"https:\/\/www.feuerwehr-buchschlag.de\/wp-content\/uploads\/2019\/08\/P8170194-150x150.jpg\" class=\"attachment-thumbnail size-thumbnail\" alt=\"\" aria-describedby=\"gallery-1-2348\" \/><\/a>\n\t\t\t<\/div>\n\t\t\t\t<figcaption class='wp-caption-text gallery-caption' id='gallery-1-2348'>\n\t\t\t\tBuchschlag Open Air 2019\n\t\t\t\t<\/figcaption><\/figure><figure class='gallery-item'>\n\t\t\t<div class='gallery-icon landscape'>\n\t\t\t\t<a data-elementor-open-lightbox=\"yes\" data-elementor-lightbox-slideshow=\"67b61a6e\" data-elementor-lightbox-title=\"Buchschlag Open Air 2019\" data-e-action-hash=\"#elementor-action%3Aaction%3Dlightbox%26settings%3DeyJpZCI6MjM0NiwidXJsIjoiaHR0cHM6XC9cL3d3dy5mZXVlcndlaHItYnVjaHNjaGxhZy5kZVwvd3AtY29udGVudFwvdXBsb2Fkc1wvMjAxOVwvMDhcL1A4MTcwMTYwLmpwZyIsInNsaWRlc2hvdyI6IjY3YjYxYTZlIn0%3D\" href='https:\/\/www.feuerwehr-buchschlag.de\/wp-content\/uploads\/2019\/08\/P8170160.jpg'><img loading=\"lazy\" decoding=\"async\" width=\"150\" height=\"150\" src=\"https:\/\/www.feuerwehr-buchschlag.de\/wp-content\/uploads\/2019\/08\/P8170160-150x150.jpg\" class=\"attachment-thumbnail size-thumbnail\" alt=\"\" aria-describedby=\"gallery-1-2346\" \/><\/a>\n\t\t\t<\/div>\n\t\t\t\t<figcaption class='wp-caption-text gallery-caption' id='gallery-1-2346'>\n\t\t\t\tBuchschlag Open Air 2019\n\t\t\t\t<\/figcaption><\/figure><figure class='gallery-item'>\n\t\t\t<div class='gallery-icon landscape'>\n\t\t\t\t<a data-elementor-open-lightbox=\"yes\" data-elementor-lightbox-slideshow=\"67b61a6e\" data-elementor-lightbox-title=\"Buchschlag Open Air 2019\" data-e-action-hash=\"#elementor-action%3Aaction%3Dlightbox%26settings%3DeyJpZCI6MjM0NCwidXJsIjoiaHR0cHM6XC9cL3d3dy5mZXVlcndlaHItYnVjaHNjaGxhZy5kZVwvd3AtY29udGVudFwvdXBsb2Fkc1wvMjAxOVwvMDhcL1A4MTcwMTQ0LmpwZyIsInNsaWRlc2hvdyI6IjY3YjYxYTZlIn0%3D\" href='https:\/\/www.feuerwehr-buchschlag.de\/wp-content\/uploads\/2019\/08\/P8170144.jpg'><img loading=\"lazy\" decoding=\"async\" width=\"150\" height=\"150\" src=\"https:\/\/www.feuerwehr-buchschlag.de\/wp-content\/uploads\/2019\/08\/P8170144-150x150.jpg\" class=\"attachment-thumbnail size-thumbnail\" alt=\"\" aria-describedby=\"gallery-1-2344\" \/><\/a>\n\t\t\t<\/div>\n\t\t\t\t<figcaption class='wp-caption-text gallery-caption' id='gallery-1-2344'>\n\t\t\t\tBuchschlag Open Air 2019\n\t\t\t\t<\/figcaption><\/figure><figure class='gallery-item'>\n\t\t\t<div class='gallery-icon landscape'>\n\t\t\t\t<a data-elementor-open-lightbox=\"yes\" data-elementor-lightbox-slideshow=\"67b61a6e\" data-elementor-lightbox-title=\"Buchschlag Open Air 2019\" data-e-action-hash=\"#elementor-action%3Aaction%3Dlightbox%26settings%3DeyJpZCI6MjM0MiwidXJsIjoiaHR0cHM6XC9cL3d3dy5mZXVlcndlaHItYnVjaHNjaGxhZy5kZVwvd3AtY29udGVudFwvdXBsb2Fkc1wvMjAxOVwvMDhcL1A4MTcwMTIzLmpwZyIsInNsaWRlc2hvdyI6IjY3YjYxYTZlIn0%3D\" href='https:\/\/www.feuerwehr-buchschlag.de\/wp-content\/uploads\/2019\/08\/P8170123.jpg'><img loading=\"lazy\" decoding=\"async\" width=\"150\" height=\"150\" src=\"https:\/\/www.feuerwehr-buchschlag.de\/wp-content\/uploads\/2019\/08\/P8170123-150x150.jpg\" class=\"attachment-thumbnail size-thumbnail\" alt=\"\" aria-describedby=\"gallery-1-2342\" \/><\/a>\n\t\t\t<\/div>\n\t\t\t\t<figcaption class='wp-caption-text gallery-caption' id='gallery-1-2342'>\n\t\t\t\tBuchschlag Open Air 2019\n\t\t\t\t<\/figcaption><\/figure><figure class='gallery-item'>\n\t\t\t<div class='gallery-icon landscape'>\n\t\t\t\t<a data-elementor-open-lightbox=\"yes\" data-elementor-lightbox-slideshow=\"67b61a6e\" data-elementor-lightbox-title=\"Buchschlag Open Air 2019\" data-e-action-hash=\"#elementor-action%3Aaction%3Dlightbox%26settings%3DeyJpZCI6MjM0MSwidXJsIjoiaHR0cHM6XC9cL3d3dy5mZXVlcndlaHItYnVjaHNjaGxhZy5kZVwvd3AtY29udGVudFwvdXBsb2Fkc1wvMjAxOVwvMDhcL1A4MTcwMTExLmpwZyIsInNsaWRlc2hvdyI6IjY3YjYxYTZlIn0%3D\" href='https:\/\/www.feuerwehr-buchschlag.de\/wp-content\/uploads\/2019\/08\/P8170111.jpg'><img loading=\"lazy\" decoding=\"async\" width=\"150\" height=\"150\" src=\"https:\/\/www.feuerwehr-buchschlag.de\/wp-content\/uploads\/2019\/08\/P8170111-150x150.jpg\" class=\"attachment-thumbnail size-thumbnail\" alt=\"\" aria-describedby=\"gallery-1-2341\" \/><\/a>\n\t\t\t<\/div>\n\t\t\t\t<figcaption class='wp-caption-text gallery-caption' id='gallery-1-2341'>\n\t\t\t\tBuchschlag Open Air 2019\n\t\t\t\t<\/figcaption><\/figure><figure class='gallery-item'>\n\t\t\t<div class='gallery-icon landscape'>\n\t\t\t\t<a data-elementor-open-lightbox=\"yes\" data-elementor-lightbox-slideshow=\"67b61a6e\" data-elementor-lightbox-title=\"Buchschlag Open Air 2019\" data-e-action-hash=\"#elementor-action%3Aaction%3Dlightbox%26settings%3DeyJpZCI6MjM0MCwidXJsIjoiaHR0cHM6XC9cL3d3dy5mZXVlcndlaHItYnVjaHNjaGxhZy5kZVwvd3AtY29udGVudFwvdXBsb2Fkc1wvMjAxOVwvMDhcL1A4MTcwMDk2LmpwZyIsInNsaWRlc2hvdyI6IjY3YjYxYTZlIn0%3D\" href='https:\/\/www.feuerwehr-buchschlag.de\/wp-content\/uploads\/2019\/08\/P8170096.jpg'><img loading=\"lazy\" decoding=\"async\" width=\"150\" height=\"150\" src=\"https:\/\/www.feuerwehr-buchschlag.de\/wp-content\/uploads\/2019\/08\/P8170096-150x150.jpg\" class=\"attachment-thumbnail size-thumbnail\" alt=\"\" aria-describedby=\"gallery-1-2340\" \/><\/a>\n\t\t\t<\/div>\n\t\t\t\t<figcaption class='wp-caption-text gallery-caption' id='gallery-1-2340'>\n\t\t\t\tBuchschlag Open Air 2019\n\t\t\t\t<\/figcaption><\/figure><figure class='gallery-item'>\n\t\t\t<div class='gallery-icon landscape'>\n\t\t\t\t<a data-elementor-open-lightbox=\"yes\" data-elementor-lightbox-slideshow=\"67b61a6e\" data-elementor-lightbox-title=\"Buchschlag Open Air 2019\" data-e-action-hash=\"#elementor-action%3Aaction%3Dlightbox%26settings%3DeyJpZCI6MjM0MywidXJsIjoiaHR0cHM6XC9cL3d3dy5mZXVlcndlaHItYnVjaHNjaGxhZy5kZVwvd3AtY29udGVudFwvdXBsb2Fkc1wvMjAxOVwvMDhcL1A4MTcwMTM2LmpwZyIsInNsaWRlc2hvdyI6IjY3YjYxYTZlIn0%3D\" href='https:\/\/www.feuerwehr-buchschlag.de\/wp-content\/uploads\/2019\/08\/P8170136.jpg'><img loading=\"lazy\" decoding=\"async\" width=\"150\" height=\"150\" src=\"https:\/\/www.feuerwehr-buchschlag.de\/wp-content\/uploads\/2019\/08\/P8170136-150x150.jpg\" class=\"attachment-thumbnail size-thumbnail\" alt=\"\" aria-describedby=\"gallery-1-2343\" \/><\/a>\n\t\t\t<\/div>\n\t\t\t\t<figcaption class='wp-caption-text gallery-caption' id='gallery-1-2343'>\n\t\t\t\tBuchschlag Open Air 2019\n\t\t\t\t<\/figcaption><\/figure><figure class='gallery-item'>\n\t\t\t<div class='gallery-icon landscape'>\n\t\t\t\t<a data-elementor-open-lightbox=\"yes\" data-elementor-lightbox-slideshow=\"67b61a6e\" data-elementor-lightbox-title=\"Buchschlag Open Air 2019\" data-e-action-hash=\"#elementor-action%3Aaction%3Dlightbox%26settings%3DeyJpZCI6MjMzOSwidXJsIjoiaHR0cHM6XC9cL3d3dy5mZXVlcndlaHItYnVjaHNjaGxhZy5kZVwvd3AtY29udGVudFwvdXBsb2Fkc1wvMjAxOVwvMDhcL1A4MTcwMDk0LmpwZyIsInNsaWRlc2hvdyI6IjY3YjYxYTZlIn0%3D\" href='https:\/\/www.feuerwehr-buchschlag.de\/wp-content\/uploads\/2019\/08\/P8170094.jpg'><img loading=\"lazy\" decoding=\"async\" width=\"150\" height=\"150\" src=\"https:\/\/www.feuerwehr-buchschlag.de\/wp-content\/uploads\/2019\/08\/P8170094-150x150.jpg\" class=\"attachment-thumbnail size-thumbnail\" alt=\"\" aria-describedby=\"gallery-1-2339\" \/><\/a>\n\t\t\t<\/div>\n\t\t\t\t<figcaption class='wp-caption-text gallery-caption' id='gallery-1-2339'>\n\t\t\t\tBuchschlag Open Air 2019\n\t\t\t\t<\/figcaption><\/figure><figure class='gallery-item'>\n\t\t\t<div class='gallery-icon landscape'>\n\t\t\t\t<a data-elementor-open-lightbox=\"yes\" data-elementor-lightbox-slideshow=\"67b61a6e\" data-elementor-lightbox-title=\"Buchschlag Open Air 2019\" data-e-action-hash=\"#elementor-action%3Aaction%3Dlightbox%26settings%3DeyJpZCI6MjMzOCwidXJsIjoiaHR0cHM6XC9cL3d3dy5mZXVlcndlaHItYnVjaHNjaGxhZy5kZVwvd3AtY29udGVudFwvdXBsb2Fkc1wvMjAxOVwvMDhcL1A4MTcwMDkxLmpwZyIsInNsaWRlc2hvdyI6IjY3YjYxYTZlIn0%3D\" href='https:\/\/www.feuerwehr-buchschlag.de\/wp-content\/uploads\/2019\/08\/P8170091.jpg'><img loading=\"lazy\" decoding=\"async\" width=\"150\" height=\"150\" src=\"https:\/\/www.feuerwehr-buchschlag.de\/wp-content\/uploads\/2019\/08\/P8170091-150x150.jpg\" class=\"attachment-thumbnail size-thumbnail\" alt=\"\" aria-describedby=\"gallery-1-2338\" \/><\/a>\n\t\t\t<\/div>\n\t\t\t\t<figcaption class='wp-caption-text gallery-caption' id='gallery-1-2338'>\n\t\t\t\tBuchschlag Open Air 2019\n\t\t\t\t<\/figcaption><\/figure><figure class='gallery-item'>\n\t\t\t<div class='gallery-icon landscape'>\n\t\t\t\t<a data-elementor-open-lightbox=\"yes\" data-elementor-lightbox-slideshow=\"67b61a6e\" data-elementor-lightbox-title=\"Buchschlag Open Air 2019\" data-e-action-hash=\"#elementor-action%3Aaction%3Dlightbox%26settings%3DeyJpZCI6MjMzNiwidXJsIjoiaHR0cHM6XC9cL3d3dy5mZXVlcndlaHItYnVjaHNjaGxhZy5kZVwvd3AtY29udGVudFwvdXBsb2Fkc1wvMjAxOVwvMDhcL1A4MTcwMDcyLmpwZyIsInNsaWRlc2hvdyI6IjY3YjYxYTZlIn0%3D\" href='https:\/\/www.feuerwehr-buchschlag.de\/wp-content\/uploads\/2019\/08\/P8170072.jpg'><img loading=\"lazy\" decoding=\"async\" width=\"150\" height=\"150\" src=\"https:\/\/www.feuerwehr-buchschlag.de\/wp-content\/uploads\/2019\/08\/P8170072-150x150.jpg\" class=\"attachment-thumbnail size-thumbnail\" alt=\"\" aria-describedby=\"gallery-1-2336\" \/><\/a>\n\t\t\t<\/div>\n\t\t\t\t<figcaption class='wp-caption-text gallery-caption' id='gallery-1-2336'>\n\t\t\t\tBuchschlag Open Air 2019\n\t\t\t\t<\/figcaption><\/figure><figure class='gallery-item'>\n\t\t\t<div class='gallery-icon landscape'>\n\t\t\t\t<a data-elementor-open-lightbox=\"yes\" data-elementor-lightbox-slideshow=\"67b61a6e\" data-elementor-lightbox-title=\"Buchschlag Open Air 2019\" data-e-action-hash=\"#elementor-action%3Aaction%3Dlightbox%26settings%3DeyJpZCI6MjMzNywidXJsIjoiaHR0cHM6XC9cL3d3dy5mZXVlcndlaHItYnVjaHNjaGxhZy5kZVwvd3AtY29udGVudFwvdXBsb2Fkc1wvMjAxOVwvMDhcL1A4MTcwMDg2LmpwZyIsInNsaWRlc2hvdyI6IjY3YjYxYTZlIn0%3D\" href='https:\/\/www.feuerwehr-buchschlag.de\/wp-content\/uploads\/2019\/08\/P8170086.jpg'><img loading=\"lazy\" decoding=\"async\" width=\"150\" height=\"150\" src=\"https:\/\/www.feuerwehr-buchschlag.de\/wp-content\/uploads\/2019\/08\/P8170086-150x150.jpg\" class=\"attachment-thumbnail size-thumbnail\" alt=\"\" aria-describedby=\"gallery-1-2337\" \/><\/a>\n\t\t\t<\/div>\n\t\t\t\t<figcaption class='wp-caption-text gallery-caption' id='gallery-1-2337'>\n\t\t\t\tBuchschlag Open Air 2019\n\t\t\t\t<\/figcaption><\/figure><figure class='gallery-item'>\n\t\t\t<div class='gallery-icon landscape'>\n\t\t\t\t<a data-elementor-open-lightbox=\"yes\" data-elementor-lightbox-slideshow=\"67b61a6e\" data-elementor-lightbox-title=\"Buchschlag Open Air 2019\" data-e-action-hash=\"#elementor-action%3Aaction%3Dlightbox%26settings%3DeyJpZCI6MjMzNCwidXJsIjoiaHR0cHM6XC9cL3d3dy5mZXVlcndlaHItYnVjaHNjaGxhZy5kZVwvd3AtY29udGVudFwvdXBsb2Fkc1wvMjAxOVwvMDhcL1A4MTcwMDQ0LmpwZyIsInNsaWRlc2hvdyI6IjY3YjYxYTZlIn0%3D\" href='https:\/\/www.feuerwehr-buchschlag.de\/wp-content\/uploads\/2019\/08\/P8170044.jpg'><img loading=\"lazy\" decoding=\"async\" width=\"150\" height=\"150\" src=\"https:\/\/www.feuerwehr-buchschlag.de\/wp-content\/uploads\/2019\/08\/P8170044-150x150.jpg\" class=\"attachment-thumbnail size-thumbnail\" alt=\"\" aria-describedby=\"gallery-1-2334\" \/><\/a>\n\t\t\t<\/div>\n\t\t\t\t<figcaption class='wp-caption-text gallery-caption' id='gallery-1-2334'>\n\t\t\t\tBuchschlag Open Air 2019\n\t\t\t\t<\/figcaption><\/figure><figure class='gallery-item'>\n\t\t\t<div class='gallery-icon landscape'>\n\t\t\t\t<a data-elementor-open-lightbox=\"yes\" data-elementor-lightbox-slideshow=\"67b61a6e\" data-elementor-lightbox-title=\"Buchschlag Open Air 2019\" data-e-action-hash=\"#elementor-action%3Aaction%3Dlightbox%26settings%3DeyJpZCI6MjMzNSwidXJsIjoiaHR0cHM6XC9cL3d3dy5mZXVlcndlaHItYnVjaHNjaGxhZy5kZVwvd3AtY29udGVudFwvdXBsb2Fkc1wvMjAxOVwvMDhcL1A4MTcwMDQ4LmpwZyIsInNsaWRlc2hvdyI6IjY3YjYxYTZlIn0%3D\" href='https:\/\/www.feuerwehr-buchschlag.de\/wp-content\/uploads\/2019\/08\/P8170048.jpg'><img loading=\"lazy\" decoding=\"async\" width=\"150\" height=\"150\" src=\"https:\/\/www.feuerwehr-buchschlag.de\/wp-content\/uploads\/2019\/08\/P8170048-150x150.jpg\" class=\"attachment-thumbnail size-thumbnail\" alt=\"\" aria-describedby=\"gallery-1-2335\" \/><\/a>\n\t\t\t<\/div>\n\t\t\t\t<figcaption class='wp-caption-text gallery-caption' id='gallery-1-2335'>\n\t\t\t\tBuchschlag Open Air 2019\n\t\t\t\t<\/figcaption><\/figure><figure class='gallery-item'>\n\t\t\t<div class='gallery-icon landscape'>\n\t\t\t\t<a data-elementor-open-lightbox=\"yes\" data-elementor-lightbox-slideshow=\"67b61a6e\" data-elementor-lightbox-title=\"Buchschlag Open Air 2019\" data-e-action-hash=\"#elementor-action%3Aaction%3Dlightbox%26settings%3DeyJpZCI6MjMzMywidXJsIjoiaHR0cHM6XC9cL3d3dy5mZXVlcndlaHItYnVjaHNjaGxhZy5kZVwvd3AtY29udGVudFwvdXBsb2Fkc1wvMjAxOVwvMDhcL1A4MTcwMDI4LmpwZyIsInNsaWRlc2hvdyI6IjY3YjYxYTZlIn0%3D\" href='https:\/\/www.feuerwehr-buchschlag.de\/wp-content\/uploads\/2019\/08\/P8170028.jpg'><img loading=\"lazy\" decoding=\"async\" width=\"150\" height=\"150\" src=\"https:\/\/www.feuerwehr-buchschlag.de\/wp-content\/uploads\/2019\/08\/P8170028-150x150.jpg\" class=\"attachment-thumbnail size-thumbnail\" alt=\"\" aria-describedby=\"gallery-1-2333\" \/><\/a>\n\t\t\t<\/div>\n\t\t\t\t<figcaption class='wp-caption-text gallery-caption' id='gallery-1-2333'>\n\t\t\t\tBuchschlag Open Air 2019\n\t\t\t\t<\/figcaption><\/figure>\n\t\t<\/div>\n\t\t<\/div>\n\t\t\t\t\t\t<\/div>\n\t\t\t\t<\/div>\n\t\t\t\t\t<\/div>\n\t\t<\/div>\n\t\t\t\t\t<\/div>\n\t\t<\/section>\n\t\t\t\t<\/div>\n\t\t","protected":false},"excerpt":{"rendered":"<p>BOA Chillout Lounge Beachfeeling im Feuerwehrhaus Auch dieses Jahr haben wir am 17. August ab 21:30 Uhr unsere BOA Summer Chillout Lounge in der Fahrzeughalle er\u00f6ffnet. Trotz Regen und Wind haben sich gen\u00fcgend feierfreudige Menschen eingefunden, um eine super Party in toller Atmosph\u00e4re zu feiern. F\u00fcr das besondere &#8222;Beachfeeling&#8220; sorgte auch diesmal wieder als Highlight [&hellip;]<\/p>\n","protected":false},"author":2,"featured_media":2356,"comment_status":"closed","ping_status":"closed","sticky":false,"template":"","format":"standard","meta":{"ocean_post_layout":"full-screen","ocean_both_sidebars_style":"","ocean_both_sidebars_content_width":0,"ocean_both_sidebars_sidebars_width":0,"ocean_sidebar":"0","ocean_second_sidebar":"0","ocean_disable_margins":"on","ocean_add_body_class":"","ocean_shortcode_before_top_bar":"","ocean_shortcode_after_top_bar":"","ocean_shortcode_before_header":"","ocean_shortcode_after_header":"","ocean_has_shortcode":"","ocean_shortcode_after_title":"","ocean_shortcode_before_footer_widgets":"","ocean_shortcode_after_footer_widgets":"","ocean_shortcode_before_footer_bottom":"","ocean_shortcode_after_footer_bottom":"","ocean_display_top_bar":"off","ocean_display_header":"on","ocean_header_style":"","ocean_center_header_left_menu":"0","ocean_custom_header_template":"0","ocean_custom_logo":0,"ocean_custom_retina_logo":0,"ocean_custom_logo_max_width":0,"ocean_custom_logo_tablet_max_width":0,"ocean_custom_logo_mobile_max_width":0,"ocean_custom_logo_max_height":0,"ocean_custom_logo_tablet_max_height":0,"ocean_custom_logo_mobile_max_height":0,"ocean_header_custom_menu":"0","ocean_menu_typo_font_family":"0","ocean_menu_typo_font_subset":"","ocean_menu_typo_font_size":0,"ocean_menu_typo_font_size_tablet":0,"ocean_menu_typo_font_size_mobile":0,"ocean_menu_typo_font_size_unit":"px","ocean_menu_typo_font_weight":"","ocean_menu_typo_font_weight_tablet":"","ocean_menu_typo_font_weight_mobile":"","ocean_menu_typo_transform":"","ocean_menu_typo_transform_tablet":"","ocean_menu_typo_transform_mobile":"","ocean_menu_typo_line_height":0,"ocean_menu_typo_line_height_tablet":0,"ocean_menu_typo_line_height_mobile":0,"ocean_menu_typo_line_height_unit":"","ocean_menu_typo_spacing":0,"ocean_menu_typo_spacing_tablet":0,"ocean_menu_typo_spacing_mobile":0,"ocean_menu_typo_spacing_unit":"","ocean_menu_link_color":"","ocean_menu_link_color_hover":"","ocean_menu_link_color_active":"","ocean_menu_link_background":"","ocean_menu_link_hover_background":"","ocean_menu_link_active_background":"","ocean_menu_social_links_bg":"","ocean_menu_social_hover_links_bg":"","ocean_menu_social_links_color":"","ocean_menu_social_hover_links_color":"","ocean_disable_title":"on","ocean_disable_heading":"default","ocean_post_title":"","ocean_post_subheading":"","ocean_post_title_style":"","ocean_post_title_background_color":"","ocean_post_title_background":0,"ocean_post_title_bg_image_position":"","ocean_post_title_bg_image_attachment":"","ocean_post_title_bg_image_repeat":"","ocean_post_title_bg_image_size":"","ocean_post_title_height":0,"ocean_post_title_bg_overlay":0.5,"ocean_post_title_bg_overlay_color":"","ocean_disable_breadcrumbs":"default","ocean_breadcrumbs_color":"","ocean_breadcrumbs_separator_color":"","ocean_breadcrumbs_links_color":"","ocean_breadcrumbs_links_hover_color":"","ocean_display_footer_widgets":"default","ocean_display_footer_bottom":"default","ocean_custom_footer_template":"0","ocean_post_oembed":"","ocean_post_self_hosted_media":"","ocean_post_video_embed":"","ocean_link_format":"","ocean_link_format_target":"self","ocean_quote_format":"","ocean_quote_format_link":"post","ocean_gallery_link_images":"off","ocean_gallery_id":[],"footnotes":""},"categories":[1],"tags":[38,22,24,35,28,37,23,34,26,36,33,27,32,25,30,31,29],"class_list":["post-2294","post","type-post","status-publish","format-standard","has-post-thumbnail","hentry","category-allgemein","tag-38","tag-boa","tag-buchschlag","tag-buchschlag-open-air","tag-chillout","tag-chillout-lounge","tag-dreieich","tag-festival","tag-feuerwehr","tag-lounge","tag-musik","tag-offenbach","tag-open-air","tag-party","tag-sand","tag-summer-feeling","tag-summer-lounge","entry","has-media"],"_links":{"self":[{"href":"https:\/\/www.feuerwehr-buchschlag.de\/index.php?rest_route=\/wp\/v2\/posts\/2294","targetHints":{"allow":["GET"]}}],"collection":[{"href":"https:\/\/www.feuerwehr-buchschlag.de\/index.php?rest_route=\/wp\/v2\/posts"}],"about":[{"href":"https:\/\/www.feuerwehr-buchschlag.de\/index.php?rest_route=\/wp\/v2\/types\/post"}],"author":[{"embeddable":true,"href":"https:\/\/www.feuerwehr-buchschlag.de\/index.php?rest_route=\/wp\/v2\/users\/2"}],"replies":[{"embeddable":true,"href":"https:\/\/www.feuerwehr-buchschlag.de\/index.php?rest_route=%2Fwp%2Fv2%2Fcomments&post=2294"}],"version-history":[{"count":20,"href":"https:\/\/www.feuerwehr-buchschlag.de\/index.php?rest_route=\/wp\/v2\/posts\/2294\/revisions"}],"predecessor-version":[{"id":2453,"href":"https:\/\/www.feuerwehr-buchschlag.de\/index.php?rest_route=\/wp\/v2\/posts\/2294\/revisions\/2453"}],"wp:featuredmedia":[{"embeddable":true,"href":"https:\/\/www.feuerwehr-buchschlag.de\/index.php?rest_route=\/wp\/v2\/media\/2356"}],"wp:attachment":[{"href":"https:\/\/www.feuerwehr-buchschlag.de\/index.php?rest_route=%2Fwp%2Fv2%2Fmedia&parent=2294"}],"wp:term":[{"taxonomy":"category","embeddable":true,"href":"https:\/\/www.feuerwehr-buchschlag.de\/index.php?rest_route=%2Fwp%2Fv2%2Fcategories&post=2294"},{"taxonomy":"post_tag","embeddable":true,"href":"https:\/\/www.feuerwehr-buchschlag.de\/index.php?rest_route=%2Fwp%2Fv2%2Ftags&post=2294"}],"curies":[{"name":"wp","href":"https:\/\/api.w.org\/{rel}","templated":true}]}}